{"id":35329,"date":"2025-03-11T13:34:48","date_gmt":"2025-03-11T17:34:48","guid":{"rendered":"https:\/\/diariosalud.com\/?p=35329"},"modified":"2025-03-11T13:34:48","modified_gmt":"2025-03-11T17:34:48","slug":"director-ops-subraya-necesidad-de-abordar-los-desafios-en-salud-publica-en-america-latina-y-el-caribe-y-propone-soluciones-innovadoras","status":"publish","type":"post","link":"https:\/\/ktechproduccion.net\/diariosalud.com\/director-ops-subraya-necesidad-de-abordar-los-desafios-en-salud-publica-en-america-latina-y-el-caribe-y-propone-soluciones-innovadoras\/","title":{"rendered":"Director OPS subraya necesidad de abordar los desaf\u00edos en salud p\u00fablica en Am\u00e9rica Latina y el Caribe y propone soluciones innovadoras"},"content":{"rendered":"\n<p>En el marco del 20\u00ba Congreso de Investigaci\u00f3n en Salud P\u00fablica 2025 del Instituto Nacional de Salud P\u00fablica (INSP) de M\u00e9xico, el Director de la Organizaci\u00f3n Panamericana de la Salud (OPS), Dr. Jarbas Barbosa, destac\u00f3 los principales desaf\u00edos que enfrenta la salud p\u00fablica en Am\u00e9rica Latina y el Caribe, enfatizando la necesidad de soluciones innovadoras y una acci\u00f3n coordinada para abordar las inequidades y mejorar la calidad de vida en la regi\u00f3n.<\/p>\n\n\n\n<p><strong>Desaf\u00edos y desigualdades en la regi\u00f3n<\/strong><\/p>\n\n\n\n<p>Durante su conferencia titulada <em>\u00abLa agenda prioritaria de salud en Am\u00e9rica Latina y el Caribe\u00bb<\/em>, el Dr. Barbosa advirti\u00f3 sobre las marcadas disparidades en la salud dentro y entre los pa\u00edses de la regi\u00f3n. \u00abLas Am\u00e9ricas son la regi\u00f3n m\u00e1s inequitativa del mundo\u00bb, se\u00f1al\u00f3, haciendo referencia a la brecha entre pa\u00edses como Estados Unidos y Hait\u00ed, as\u00ed como las desigualdades internas que afectan a los grupos m\u00e1s vulnerables.<\/p>\n\n\n\n<p>Asimismo, alert\u00f3 sobre el impacto del envejecimiento poblacional. \u00abEn 2015, solo el 8% de la poblaci\u00f3n ten\u00eda m\u00e1s de 60 a\u00f1os. Para 2030, uno de cada seis habitantes superar\u00e1 esa edad\u00bb, indic\u00f3, subrayando la presi\u00f3n adicional sobre los sistemas de salud y la necesidad de garantizar que los a\u00f1os adicionales de vida sean saludables y de calidad.<\/p>\n\n\n\n<p><strong>Impacto de la pandemia y recuperaci\u00f3n<\/strong><\/p>\n\n\n\n<p>El Dr. Barbosa tambi\u00e9n abord\u00f3 los efectos de la pandemia de COVID-19, que profundiz\u00f3 las inequidades y afect\u00f3 desproporcionadamente a los sectores m\u00e1s vulnerables. No obstante, destac\u00f3 las lecciones aprendidas y los esfuerzos para fortalecer la preparaci\u00f3n ante futuras crisis sanitarias. En este sentido, resalt\u00f3 la colaboraci\u00f3n con los pa\u00edses para acceder a recursos del Fondo para Pandemias y fortalecer la producci\u00f3n regional de vacunas.<\/p>\n\n\n\n<p>Asimismo, aplaudi\u00f3 los avances en vacunaci\u00f3n en la regi\u00f3n, donde las Am\u00e9ricas lograron las mayores mejoras en cobertura en 2023 y 2024. Sin embargo, advirti\u00f3 que \u00abpersisten desigualdades importantes\u00bb, con poblaciones vulnerables que a\u00fan enfrentan barreras de acceso.<\/p>\n\n\n\n<p>Uno de los aspectos m\u00e1s cr\u00edticos mencionados fue el incremento en la mortalidad materna, que se duplic\u00f3 durante la pandemia. \u00abEste aumento refleja no solo el acceso limitado a servicios de salud, sino tambi\u00e9n la calidad de la atenci\u00f3n\u00bb, advirti\u00f3. Para revertir esta situaci\u00f3n, la OPS ha impulsado la iniciativa <em>Cero Muertes Maternas<\/em> con el objetivo de reducir significativamente estas cifras.<\/p>\n\n\n\n<p><strong>Pol\u00edticas p\u00fablicas e innovaciones en salud<\/strong><\/p>\n\n\n\n<p>El Dr. Barbosa hizo un llamado a reconocer la influencia de los determinantes sociales, econ\u00f3micos y comerciales en la salud. \u00abLos grupos m\u00e1s vulnerables son los m\u00e1s afectados por factores como la obesidad, la falta de acceso a alimentos saludables y la inseguridad\u00bb, se\u00f1al\u00f3, instando a la adopci\u00f3n de pol\u00edticas intersectoriales para mejorar las condiciones de vida.<\/p>\n\n\n\n<p>En cuanto a innovaciones en salud, destac\u00f3 la necesidad de mejorar la atenci\u00f3n primaria, fortalecer programas para enfermedades como tuberculosis, malaria y VIH, e implementar herramientas tecnol\u00f3gicas. Entre las iniciativas clave mencion\u00f3 la introducci\u00f3n de pruebas de VPH de autodiagn\u00f3stico y la expansi\u00f3n del uso de la PrEP para prevenir el VIH. \u00abSi promovemos la utilizaci\u00f3n r\u00e1pida de nuevas pruebas moleculares para identificar lesiones por VPH, podemos reducir significativamente las muertes por c\u00e1ncer cervicouterino\u00bb, enfatiz\u00f3.<\/p>\n\n\n\n<p><strong>Llamado a la acci\u00f3n<\/strong><\/p>\n\n\n\n<p>El Director de la OPS cerr\u00f3 su intervenci\u00f3n con un llamado a la acci\u00f3n dirigido a profesionales de la salud y formuladores de pol\u00edticas p\u00fablicas: \u00abEs fundamental reflexionar sobre c\u00f3mo cambiar los enfoques tradicionales y buscar soluciones innovadoras para llegar a los m\u00e1s vulnerables\u00bb. Asimismo, inst\u00f3 a desafiar las proyecciones sobre el cumplimiento de los Objetivos de Desarrollo Sostenible (ODS) para 2030, afirmando que \u00abaunque no logremos todo, debemos acercarnos lo m\u00e1ximo posible\u00bb.<\/p>\n\n\n\n<p>Finalmente, reafirm\u00f3 el papel del sector salud como un motor clave para romper el c\u00edrculo vicioso entre pobreza y mala salud: \u00abLa salud tiene el poder de contribuir a romper este ciclo. Al identificar y remover las vulnerabilidades, podemos avanzar hacia un futuro m\u00e1s equitativo y saludable en Am\u00e9rica Latina y el Caribe\u00bb.<\/p>\n","protected":false},"excerpt":{"rendered":"<p>En el marco del 20\u00ba Congreso de Investigaci\u00f3n en Salud P\u00fablica 2025 del Instituto Nacional de Salud P\u00fablica (INSP) de M\u00e9xico, el Director de la Organizaci\u00f3n Panamericana de la Salud (OPS), Dr. Jarbas Barbosa, destac\u00f3 los principales desaf\u00edos que enfrenta la salud p\u00fablica en Am\u00e9rica Latina y el Caribe, enfatizando la necesidad de soluciones innovadoras [&hellip;]<\/p>\n","protected":false},"author":17,"featured_media":26466,"comment_status":"open","ping_status":"open","sticky":false,"template":"","format":"standard","meta":{"_acf_changed":false,"footnotes":""},"categories":[551],"tags":[2605,772],"class_list":["post-35329","post","type-post","status-publish","format-standard","has-post-thumbnail","hentry","category-noticias","tag-desafios-salud-publica","tag-ops"],"acf":[],"_links":{"self":[{"href":"https:\/\/ktechproduccion.net\/diariosalud.com\/wp-json\/wp\/v2\/posts\/35329","targetHints":{"allow":["GET"]}}],"collection":[{"href":"https:\/\/ktechproduccion.net\/diariosalud.com\/wp-json\/wp\/v2\/posts"}],"about":[{"href":"https:\/\/ktechproduccion.net\/diariosalud.com\/wp-json\/wp\/v2\/types\/post"}],"author":[{"embeddable":true,"href":"https:\/\/ktechproduccion.net\/diariosalud.com\/wp-json\/wp\/v2\/users\/17"}],"replies":[{"embeddable":true,"href":"https:\/\/ktechproduccion.net\/diariosalud.com\/wp-json\/wp\/v2\/comments?post=35329"}],"version-history":[{"count":0,"href":"https:\/\/ktechproduccion.net\/diariosalud.com\/wp-json\/wp\/v2\/posts\/35329\/revisions"}],"wp:featuredmedia":[{"embeddable":true,"href":"https:\/\/ktechproduccion.net\/diariosalud.com\/wp-json\/wp\/v2\/media\/26466"}],"wp:attachment":[{"href":"https:\/\/ktechproduccion.net\/diariosalud.com\/wp-json\/wp\/v2\/media?parent=35329"}],"wp:term":[{"taxonomy":"category","embeddable":true,"href":"https:\/\/ktechproduccion.net\/diariosalud.com\/wp-json\/wp\/v2\/categories?post=35329"},{"taxonomy":"post_tag","embeddable":true,"href":"https:\/\/ktechproduccion.net\/diariosalud.com\/wp-json\/wp\/v2\/tags?post=35329"}],"curies":[{"name":"wp","href":"https:\/\/api.w.org\/{rel}","templated":true}]}}