{"id":35154,"date":"2024-07-04T01:13:35","date_gmt":"2024-07-04T05:13:35","guid":{"rendered":"https:\/\/diariosalud.com\/?p=35154"},"modified":"2024-07-04T01:13:35","modified_gmt":"2024-07-04T05:13:35","slug":"estudio-revela-impacto-de-los-fitinfluencers-en-la-imagen-corporal-en-adolescentes","status":"publish","type":"post","link":"https:\/\/ktechproduccion.net\/diariosalud.com\/estudio-revela-impacto-de-los-fitinfluencers-en-la-imagen-corporal-en-adolescentes\/","title":{"rendered":"Estudio revela impacto de los \u2018Fitinfluencers\u2019 en la imagen corporal en adolescentes"},"content":{"rendered":"\n<p>Los adolescentes est\u00e1n cada vez m\u00e1s expuestos a la influencia de los \u00abfitinfluencers\u00bb, figuras de las redes sociales que promueven el fitness y la salud. Un estudio reciente de la Universidad Internacional de La Rioja (UNIR) destaca c\u00f3mo este fen\u00f3meno est\u00e1 ejerciendo una presi\u00f3n considerable sobre la imagen corporal de los j\u00f3venes, y especialmente sobre las adolescentes. El estudio tambi\u00e9n proporciona recomendaciones para mitigar los efectos negativos de esta exposici\u00f3n.<\/p>\n\n\n\n<p><strong>Culto al F\u00edsico y sus Consecuencias<\/strong><\/p>\n\n\n\n<p>El informe, titulado \u201cEntre lo saludable y el culto al f\u00edsico. Incidencia del contenido publicado por fitinfluencers en el cuidado del cuerpo de los adolescentes (TEEN_ONFIT)\u201d, revela que la influencia de los fitinfluencers est\u00e1 aumentando la preocupaci\u00f3n por el f\u00edsico entre los adolescentes. M\u00e1s de 1.000 j\u00f3venes de entre 12 y 17 a\u00f1os participaron en este estudio, que fue financiado por el Instituto de Investigaci\u00f3n, Transferencia e Innovaci\u00f3n (ITEI) del Vicerrectorado de Transferencia de UNIR con el apoyo de la Asociaci\u00f3n PantallasAmigas.<\/p>\n\n\n\n<p>La profesora Beatriz Feijoo Fern\u00e1ndez, investigadora principal del proyecto, explic\u00f3: \u201cEste informe reflexiona sobre el fen\u00f3meno del culto al cuerpo y describe qu\u00e9 motivaciones y comportamientos tienen nuestros menores en torno al tema del f\u00edsico\u201d.<\/p>\n\n\n\n<p><strong>Presi\u00f3n y Percepciones Diferenciadas por G\u00e9nero<\/strong><\/p>\n\n\n\n<p>El estudio encontr\u00f3 que las adolescentes est\u00e1n m\u00e1s influenciadas por las opiniones externas sobre sus cuerpos que los varones, valorando m\u00e1s los aspectos est\u00e9ticos como la delgadez sobre la salud. Las chicas de 14 a\u00f1os sienten una fuerte presi\u00f3n por estar delgadas y en forma, mientras que los chicos de la misma edad sienten la necesidad de definir y aumentar sus m\u00fasculos. Esta presi\u00f3n se intensifica a partir de los 14 y 15 a\u00f1os.<\/p>\n\n\n\n<p>El 46,1 % de los j\u00f3venes confirmaron tener un influencer de referencia, y entre el 85 y 90 % de los encuestados perciben que los medios de comunicaci\u00f3n y la publicidad priorizan la apariencia f\u00edsica, lo que puede afectar negativamente su autoestima. Muchos consideran que los cuerpos expuestos en los medios son poco realistas, aunque m\u00e1s de la mitad cree que tener un cuerpo tonificado y musculado ofrece ventajas sociales y profesionales.<\/p>\n\n\n\n<p><strong>Redes Sociales y Preferencias de Consumo<\/strong><\/p>\n\n\n\n<p>Las redes sociales favoritas entre las adolescentes son TikTok e Instagram, donde tienden a usar filtros y aplicaciones para modificar su apariencia. En contraste, los chicos prefieren YouTube y muestran una mayor tendencia a consumir productos promovidos por fitinfluencers.<\/p>\n\n\n\n<p>En cuanto al consumo de contenidos, m\u00e1s de la mitad de las chicas ven frecuentemente contenidos relacionados con moda, ropa, fitness, alimentaci\u00f3n y ejercicio f\u00edsico. Los chicos, por otro lado, prefieren contenidos de fitness y ejercicio.<\/p>\n\n\n\n<p><strong>Recomendaciones para Padres y Educadores<\/strong><\/p>\n\n\n\n<p>Los investigadores han elaborado una serie de recomendaciones para educar y reducir el impacto negativo de las redes sociales:<\/p>\n\n\n\n<ol class=\"wp-block-list\">\n<li>Fomentar la autoaceptaci\u00f3n corporal y la valoraci\u00f3n de la diversidad f\u00edsica.<\/li>\n\n\n\n<li>Educar a los j\u00f3venes para que cuestionen los mensajes e im\u00e1genes que consumen.<\/li>\n\n\n\n<li>Reforzar la diferencia entre lo saludable y lo est\u00e9tico.<\/li>\n\n\n\n<li>Promover un enfoque equilibrado y realista hacia la salud y el fitness.<\/li>\n\n\n\n<li>Proporcionar recursos y orientaci\u00f3n sobre la imagen corporal, la autoestima y el uso saludable de las redes sociales.<\/li>\n\n\n\n<li>Implementar pol\u00edticas que exijan transparencia y honestidad en la representaci\u00f3n de im\u00e1genes corporales en los medios y las redes sociales.<\/li>\n<\/ol>\n\n\n\n<p>\u201cEstamos ante un proyecto innovador que refleja c\u00f3mo el cuidado del cuerpo preocupa a las nuevas generaciones. En los \u00faltimos a\u00f1os, hemos visto un aumento de menores en los gimnasios. No es de extra\u00f1ar que busquen inspiraci\u00f3n en los influencers para mejorar su imagen\u201d, a\u00f1adi\u00f3 Feijoo.<\/p>\n\n\n\n<p>Esta investigaci\u00f3n subraya la importancia de abordar los desaf\u00edos relacionados con la imagen corporal y la influencia de las redes sociales en los adolescentes, promoviendo un entorno m\u00e1s saludable y equilibrado.<\/p>\n\n\n\n<p>Fuente EFE.<\/p>\n","protected":false},"excerpt":{"rendered":"<p>Los adolescentes est\u00e1n cada vez m\u00e1s expuestos a la influencia de los \u00abfitinfluencers\u00bb, figuras de las redes sociales que promueven el fitness y la salud. Un estudio reciente de la Universidad Internacional de La Rioja (UNIR) destaca c\u00f3mo este fen\u00f3meno est\u00e1 ejerciendo una presi\u00f3n considerable sobre la imagen corporal de los j\u00f3venes, y especialmente sobre [&hellip;]<\/p>\n","protected":false},"author":17,"featured_media":25597,"comment_status":"open","ping_status":"open","sticky":false,"template":"","format":"standard","meta":{"_acf_changed":false,"footnotes":""},"categories":[2433],"tags":[521,2566,2476],"class_list":["post-35154","post","type-post","status-publish","format-standard","has-post-thumbnail","hentry","category-uncategorized","tag-estudio","tag-imagen-corporal","tag-investigacion-2"],"acf":[],"_links":{"self":[{"href":"https:\/\/ktechproduccion.net\/diariosalud.com\/wp-json\/wp\/v2\/posts\/35154","targetHints":{"allow":["GET"]}}],"collection":[{"href":"https:\/\/ktechproduccion.net\/diariosalud.com\/wp-json\/wp\/v2\/posts"}],"about":[{"href":"https:\/\/ktechproduccion.net\/diariosalud.com\/wp-json\/wp\/v2\/types\/post"}],"author":[{"embeddable":true,"href":"https:\/\/ktechproduccion.net\/diariosalud.com\/wp-json\/wp\/v2\/users\/17"}],"replies":[{"embeddable":true,"href":"https:\/\/ktechproduccion.net\/diariosalud.com\/wp-json\/wp\/v2\/comments?post=35154"}],"version-history":[{"count":0,"href":"https:\/\/ktechproduccion.net\/diariosalud.com\/wp-json\/wp\/v2\/posts\/35154\/revisions"}],"wp:featuredmedia":[{"embeddable":true,"href":"https:\/\/ktechproduccion.net\/diariosalud.com\/wp-json\/wp\/v2\/media\/25597"}],"wp:attachment":[{"href":"https:\/\/ktechproduccion.net\/diariosalud.com\/wp-json\/wp\/v2\/media?parent=35154"}],"wp:term":[{"taxonomy":"category","embeddable":true,"href":"https:\/\/ktechproduccion.net\/diariosalud.com\/wp-json\/wp\/v2\/categories?post=35154"},{"taxonomy":"post_tag","embeddable":true,"href":"https:\/\/ktechproduccion.net\/diariosalud.com\/wp-json\/wp\/v2\/tags?post=35154"}],"curies":[{"name":"wp","href":"https:\/\/api.w.org\/{rel}","templated":true}]}}