{"id":35117,"date":"2024-06-26T03:31:06","date_gmt":"2024-06-26T07:31:06","guid":{"rendered":"https:\/\/diariosalud.com\/?p=35117"},"modified":"2024-06-26T03:31:06","modified_gmt":"2024-06-26T07:31:06","slug":"covid-prolongado-una-sombra-persistente-de-la-pandemia","status":"publish","type":"post","link":"https:\/\/ktechproduccion.net\/diariosalud.com\/covid-prolongado-una-sombra-persistente-de-la-pandemia\/","title":{"rendered":"COVID prolongado: Una sombra persistente de la pandemia"},"content":{"rendered":"\n<p>Por el doctor <a href=\"https:\/\/www.linkedin.com\/in\/francisco-mera-cordero-534063167\/\" target=\"_blank\" rel=\"noopener\" title=\"\">Francisco Mera Cordero<\/a>, especialista en Medicina Familiar y Comunitaria. <\/p>\n\n\n\n<p>A m\u00e1s de 4 a\u00f1os desde el inicio de la pandemia de COVID-19, la comunidad cient\u00edfica contin\u00faamos descifrando las complejidades del virus y sus efectos a largo plazo. Entre las secuelas m\u00e1s preocupantes se encuentra el COVID persistente, una condici\u00f3n que afecta a millones de personas en todo el mundo y que a\u00fan presenta interrogantes sin resolver.<\/p>\n\n\n\n<p><strong>Prevalencia y s\u00edntomas:<\/strong><\/p>\n\n\n\n<p>Se estima que entre el 5% y el 10% de las personas que contraen COVID-19 experimentan s\u00edntomas prolongados. Estos pueden manifestarse de diversas maneras y variar en intensidad, incluyendo:<\/p>\n\n\n\n<ul class=\"wp-block-list\">\n<li><strong>Fatiga:<\/strong> El s\u00edntoma m\u00e1s com\u00fan, que puede ser incapacitante en algunos casos.<\/li>\n\n\n\n<li><strong>PEM:<\/strong> malestar post esfuerzo,que discapacita a muchos de los casos.<\/li>\n\n\n\n<li><strong>Dificultad para respirar:<\/strong> Dificultad para respirar o falta de aire, incluso con esfuerzos leves.<\/li>\n\n\n\n<li><strong>Tos persistente:<\/strong> Una tos seca que no desaparece despu\u00e9s de varias semanas.<\/li>\n\n\n\n<li><strong>Dolor en el pecho:<\/strong> Dolor o molestia en el pecho que no se explica por otras causas.<\/li>\n\n\n\n<li><strong>Problemas cognitivos:<\/strong> Dificultad para concentrarse, problemas de memoria o \u00abniebla mental\u00bb.<\/li>\n\n\n\n<li><strong>S\u00edntomas neurol\u00f3gicos:<\/strong> Dolores de cabeza, mareos, zumbidos en los o\u00eddos o cambios en el sentido del gusto y el olfato.<\/li>\n\n\n\n<li><strong>Palpitaciones:<\/strong> Latidos card\u00edacos acelerados o irregulares.<\/li>\n\n\n\n<li><strong>Depresi\u00f3n y ansiedad:<\/strong> Problemas de salud mental que pueden empeorar o surgir por primera vez despu\u00e9s de la infecci\u00f3n.<\/li>\n<\/ul>\n\n\n\n<p><strong>Hip\u00f3tesis fisiopatol\u00f3gicas:<\/strong><\/p>\n\n\n\n<p>Las causas exactas del COVID persistente a\u00fan no se comprenden completamente. Sin embargo, diversas hip\u00f3tesis fisiopatol\u00f3gicas se postulan para explicar sus manifestaciones:<\/p>\n\n\n\n<ul class=\"wp-block-list\">\n<li><strong>Inflamaci\u00f3n persistente:<\/strong> El virus podr\u00eda desencadenar una respuesta inflamatoria prolongada en el organismo, afectando a diversos \u00f3rganos y sistemas.<\/li>\n\n\n\n<li><strong>Da\u00f1o vascular:<\/strong> El virus podr\u00eda da\u00f1ar los vasos sangu\u00edneos, lo que podr\u00eda provocar problemas de circulaci\u00f3n y disfunci\u00f3n de \u00f3rganos.<\/li>\n\n\n\n<li><strong>Da\u00f1o autoinmune:<\/strong> El sistema inmunitario podr\u00eda atacar err\u00f3neamente las c\u00e9lulas sanas del organismo.<\/li>\n\n\n\n<li><strong>Persistencia viral:<\/strong> El virus podr\u00eda permanecer en el cuerpo en forma latente o replicarse a niveles bajos, causando s\u00edntomas continuos o recurrentes.<\/li>\n\n\n\n<li><strong>Disbiosis intestinal:<\/strong> El virus inducir\u00eda intestino permeable&nbsp; y afectaci\u00f3n de la mircobiota intestinal.<\/li>\n\n\n\n<li><strong>Disregulaci\u00f3n del nervio vago:<\/strong> El virus inducir\u00eda disfunci\u00f3n del nervio vago que provocar\u00eda una disautonom\u00eda.&nbsp;<\/li>\n<\/ul>\n\n\n\n<p><strong>L\u00edneas de investigaci\u00f3n:<\/strong><\/p>\n\n\n\n<p>La investigaci\u00f3n sobre el COVID prolongado se encuentra en curso y abarca diversas \u00e1reas:<\/p>\n\n\n\n<ul class=\"wp-block-list\">\n<li><strong>Identificaci\u00f3n de biomarcadores:<\/strong> Se busca identificar marcadores biol\u00f3gicos que puedan ayudar a diagnosticar y predecir la gravedad del COVID persistente.<\/li>\n\n\n\n<li><strong>Comprensi\u00f3n de la fisiopatolog\u00eda:<\/strong> Se est\u00e1n realizando estudios para comprender mejor los mecanismos subyacentes a los s\u00edntomas del COVID persistente.<\/li>\n\n\n\n<li><strong>Desarrollo de tratamientos:<\/strong> Se est\u00e1n explorando diversas terapias potenciales, como medicamentos antiinflamatorios, inmunomoduladores y rehabilitaci\u00f3n.<\/li>\n<\/ul>\n\n\n\n<p><strong>Tratamientos actuales:<\/strong><\/p>\n\n\n\n<p>Si bien no existe un tratamiento \u00fanico para el COVID persistente, el manejo de los s\u00edntomas es fundamental realizar un tratamiento personalizado. Las medidas recomendadas incluyen:<\/p>\n\n\n\n<ul class=\"wp-block-list\">\n<li>Nutrace\u00faticos con capacidad senol\u00edtica, con capacidad de refuncionalizar la actividad mitocondrial , inmunomodular y actuar sobre la actividad protromb\u00f3tica del estado de COVID persistente.<\/li>\n\n\n\n<li>Neuroestimulaci\u00f3n nervio vago<\/li>\n\n\n\n<li>Neuroestimulaci\u00f3n magn\u00e9tico transcraneal<\/li>\n\n\n\n<li>Sueroterapia con acci\u00f3n&nbsp; detoxificadora y antioxidante<\/li>\n\n\n\n<li>Tratamiento de la disbiosis<\/li>\n\n\n\n<li>Medicina hiperb\u00e1rica<\/li>\n\n\n\n<li>Fisioterapia metab\u00f3lica de adaptaci\u00f3n para resistencia al ejercicio.<\/li>\n\n\n\n<li>Dieta saludable: Una dieta equilibrada y nutritiva puede ayudar a mantener la salud general y fortalecer el sistema inmunol\u00f3gico.<\/li>\n\n\n\n<li>Manejo del estr\u00e9s: El estr\u00e9s puede empeorar los s\u00edntomas del COVID persistente, por lo que es importante encontrar estrategias para manejarlo, como t\u00e9cnicas de relajaci\u00f3n o terapia psicol\u00f3gica.<\/li>\n<\/ul>\n\n\n\n<p><strong>Un futuro incierto:<\/strong><\/p>\n\n\n\n<p>El COVID persitente representa un desaf\u00edo importante para la salud p\u00fablica a largo plazo. Se necesitan m\u00e1s investigaciones para comprender mejor esta condici\u00f3n y desarrollar tratamientos efectivos. Mientras tanto, es fundamental que las personas que experimentan s\u00edntomas persistentes despu\u00e9s de COVID-19 busquen atenci\u00f3n m\u00e9dica y adopten medidas para manejar sus s\u00edntomas y mejorar su calidad de vida.<\/p>\n\n\n\n<p><strong>En conclusi\u00f3n, el COVID persistente es una condici\u00f3n compleja y en estudio.&nbsp; Hay millones de pacientes afectados por el mismo. Produce un grave impacto en la calidad de vida y discapacidad en los pacientes afectados, afectando a la productividad laboral y con importantes repercusiones sociales. Es necesaria la inversi\u00f3n en investigaci\u00f3n para comprender sus causas, mecanismos y posibles tratamientos adem\u00e1s de unidades multidisciplinares para un manejo integral del paciente.<\/strong><\/p>\n","protected":false},"excerpt":{"rendered":"<p>Por el doctor Francisco Mera Cordero, especialista en Medicina Familiar y Comunitaria. A m\u00e1s de 4 a\u00f1os desde el inicio de la pandemia de COVID-19, la comunidad cient\u00edfica contin\u00faamos descifrando las complejidades del virus y sus efectos a largo plazo. Entre las secuelas m\u00e1s preocupantes se encuentra el COVID persistente, una condici\u00f3n que afecta a [&hellip;]<\/p>\n","protected":false},"author":17,"featured_media":35123,"comment_status":"open","ping_status":"open","sticky":false,"template":"","format":"standard","meta":{"_acf_changed":false,"footnotes":""},"categories":[551],"tags":[139,2422,2558,284],"class_list":["post-35117","post","type-post","status-publish","format-standard","has-post-thumbnail","hentry","category-noticias","tag-covid","tag-covid-persistente","tag-epidemiologia-2","tag-virus"],"acf":[],"_links":{"self":[{"href":"https:\/\/ktechproduccion.net\/diariosalud.com\/wp-json\/wp\/v2\/posts\/35117","targetHints":{"allow":["GET"]}}],"collection":[{"href":"https:\/\/ktechproduccion.net\/diariosalud.com\/wp-json\/wp\/v2\/posts"}],"about":[{"href":"https:\/\/ktechproduccion.net\/diariosalud.com\/wp-json\/wp\/v2\/types\/post"}],"author":[{"embeddable":true,"href":"https:\/\/ktechproduccion.net\/diariosalud.com\/wp-json\/wp\/v2\/users\/17"}],"replies":[{"embeddable":true,"href":"https:\/\/ktechproduccion.net\/diariosalud.com\/wp-json\/wp\/v2\/comments?post=35117"}],"version-history":[{"count":0,"href":"https:\/\/ktechproduccion.net\/diariosalud.com\/wp-json\/wp\/v2\/posts\/35117\/revisions"}],"wp:featuredmedia":[{"embeddable":true,"href":"https:\/\/ktechproduccion.net\/diariosalud.com\/wp-json\/wp\/v2\/media\/35123"}],"wp:attachment":[{"href":"https:\/\/ktechproduccion.net\/diariosalud.com\/wp-json\/wp\/v2\/media?parent=35117"}],"wp:term":[{"taxonomy":"category","embeddable":true,"href":"https:\/\/ktechproduccion.net\/diariosalud.com\/wp-json\/wp\/v2\/categories?post=35117"},{"taxonomy":"post_tag","embeddable":true,"href":"https:\/\/ktechproduccion.net\/diariosalud.com\/wp-json\/wp\/v2\/tags?post=35117"}],"curies":[{"name":"wp","href":"https:\/\/api.w.org\/{rel}","templated":true}]}}