{"id":34982,"date":"2024-04-24T07:14:18","date_gmt":"2024-04-24T11:14:18","guid":{"rendered":"https:\/\/diariosalud.com\/?p=34982"},"modified":"2024-04-24T07:14:18","modified_gmt":"2024-04-24T11:14:18","slug":"mas-de-treinta-eminencias-en-oncologia-participan-en-documental-ciencia-vs-cancer","status":"publish","type":"post","link":"https:\/\/ktechproduccion.net\/diariosalud.com\/mas-de-treinta-eminencias-en-oncologia-participan-en-documental-ciencia-vs-cancer\/","title":{"rendered":"M\u00e1s de treinta eminencias en oncolog\u00eda participan en documental Ciencia vs C\u00e1ncer"},"content":{"rendered":"\n<p>El jueves 25 de abril, CaixaForum+ estrena en exclusiva el primer episodio de la serie documental original Ciencia vs. C\u00e1ncer. Este proyecto de CaixaForum+ con el Vall d\u2019Hebron Instituto de Oncolog\u00eda (VHIO), que forma parte del Campus Vall d\u2019Hebron, cuenta con la participaci\u00f3n del divulgador cient\u00edfico Luis Quevedo y con la producci\u00f3n delegada de Cultura Inquieta Films. La serie consta de 10 episodios de 40 minutos de duraci\u00f3n que se estrenar\u00e1n a raz\u00f3n de uno al mes y que nos permitir\u00e1 aproximarnos a la vanguardia de la investigaci\u00f3n cient\u00edfica contra el c\u00e1ncer.<\/p>\n\n\n\n<p>La ciencia lleva m\u00e1s de un siglo buscando una soluci\u00f3n al c\u00e1ncer. Por el camino, la calidad y esperanza de vida de las personas que lo padecen ha aumentado incre\u00edblemente. Sin embargo, las cifras oficiales nos dicen que casi una de cada dos personas padecer\u00e1 esta enfermedad en alg\u00fan momento de sus vidas. \u00bfQu\u00e9 est\u00e1 pasando?<\/p>\n\n\n\n<p>La serie toma como punto de partida la segunda edici\u00f3n del ciclo Vall d\u2019Hebron Cancer Talks by VHIO \u00bfHablamos sobre investigaci\u00f3n y c\u00e1ncer?, organizado por el Vall d\u2019Hebron Instituto de Oncolog\u00eda (VHIO), y re\u00fane a m\u00e1s de treinta eminencias en oncolog\u00eda en diez encuentros con pacientes para descubrir los \u00faltimos avances cient\u00edficos, mientras debatimos con ellos acerca de la complejidad social, m\u00e9dica y pol\u00edtica de esta enfermedad: nuevas patentes, terapias avanzadas, Inteligencia Artificial o los \u00faltimos descubrimientos en c\u00e1ncer de mama o c\u00e1ncer colorrectal.&nbsp;<\/p>\n\n\n\n<p>En el primer episodio, disponible a partir del jueves 25 de abril, los protagonistas son Laura Soucek, directora del Programa de Terap\u00e9utica Experimental del VHIO; y Joan Seoane, director del Programa de Inmuno-oncolog\u00eda y microambiente tumoral del VHIO, que analizan dos nuevos avances pioneros en la investigaci\u00f3n contra el c\u00e1ncer que est\u00e1n siendo desarrollados en Espa\u00f1a.<\/p>\n\n\n\n<p>M\u00e1s detalles <a href=\"https:\/\/www.youtube.com\/watch?v=xsOf_06HRYQ\" target=\"_blank\" rel=\"noopener\" title=\"\">aqu\u00ed<\/a>.<\/p>\n","protected":false},"excerpt":{"rendered":"<p>El jueves 25 de abril, CaixaForum+ estrena en exclusiva el primer episodio de la serie documental original Ciencia vs. C\u00e1ncer. Este proyecto de CaixaForum+ con el Vall d\u2019Hebron Instituto de Oncolog\u00eda (VHIO), que forma parte del Campus Vall d\u2019Hebron, cuenta con la participaci\u00f3n del divulgador cient\u00edfico Luis Quevedo y con la producci\u00f3n delegada de Cultura [&hellip;]<\/p>\n","protected":false},"author":17,"featured_media":34984,"comment_status":"open","ping_status":"open","sticky":false,"template":"","format":"standard","meta":{"_acf_changed":false,"footnotes":""},"categories":[551],"tags":[2527,2528,2476],"class_list":["post-34982","post","type-post","status-publish","format-standard","has-post-thumbnail","hentry","category-noticias","tag-ciencia-vs-cancer","tag-documental","tag-investigacion-2"],"acf":[],"_links":{"self":[{"href":"https:\/\/ktechproduccion.net\/diariosalud.com\/wp-json\/wp\/v2\/posts\/34982","targetHints":{"allow":["GET"]}}],"collection":[{"href":"https:\/\/ktechproduccion.net\/diariosalud.com\/wp-json\/wp\/v2\/posts"}],"about":[{"href":"https:\/\/ktechproduccion.net\/diariosalud.com\/wp-json\/wp\/v2\/types\/post"}],"author":[{"embeddable":true,"href":"https:\/\/ktechproduccion.net\/diariosalud.com\/wp-json\/wp\/v2\/users\/17"}],"replies":[{"embeddable":true,"href":"https:\/\/ktechproduccion.net\/diariosalud.com\/wp-json\/wp\/v2\/comments?post=34982"}],"version-history":[{"count":0,"href":"https:\/\/ktechproduccion.net\/diariosalud.com\/wp-json\/wp\/v2\/posts\/34982\/revisions"}],"wp:featuredmedia":[{"embeddable":true,"href":"https:\/\/ktechproduccion.net\/diariosalud.com\/wp-json\/wp\/v2\/media\/34984"}],"wp:attachment":[{"href":"https:\/\/ktechproduccion.net\/diariosalud.com\/wp-json\/wp\/v2\/media?parent=34982"}],"wp:term":[{"taxonomy":"category","embeddable":true,"href":"https:\/\/ktechproduccion.net\/diariosalud.com\/wp-json\/wp\/v2\/categories?post=34982"},{"taxonomy":"post_tag","embeddable":true,"href":"https:\/\/ktechproduccion.net\/diariosalud.com\/wp-json\/wp\/v2\/tags?post=34982"}],"curies":[{"name":"wp","href":"https:\/\/api.w.org\/{rel}","templated":true}]}}