{"id":34934,"date":"2024-04-10T06:03:45","date_gmt":"2024-04-10T10:03:45","guid":{"rendered":"https:\/\/diariosalud.com\/?p=34934"},"modified":"2024-04-10T06:03:45","modified_gmt":"2024-04-10T10:03:45","slug":"resistencia-antimicrobiana-reducira-esperanza-de-vida-en-18-anos-para-2035","status":"publish","type":"post","link":"https:\/\/ktechproduccion.net\/diariosalud.com\/resistencia-antimicrobiana-reducira-esperanza-de-vida-en-18-anos-para-2035\/","title":{"rendered":"Resistencia antimicrobiana reducir\u00e1 esperanza de vida en 1,8 a\u00f1os para 2035"},"content":{"rendered":"\n<p>El <strong>Grupo de L\u00edderes Mundiales<\/strong> sobre la <strong>Resistencia a los Antimicrobianos<\/strong> (RAM ) ha publicado un<strong> <a href=\"https:\/\/hq_worldhealthorganizationdepartmentofcommunications.cmail20.com\/t\/d-l-eyhjhc-iydtykidtj-d\/\" target=\"_blank\" rel=\"noopener\" title=\"\">informe<\/a> <\/strong>que advierte sobre las <strong>graves consecuencias de la inacci\u00f3n frente a este problema creciente.\u00a0<\/strong><\/p>\n\n\n\n<p>El estudio econ\u00f3mico presentado por el grupo confirma que la resistencia a los antimicrobianos no solo tiene un <strong>costo humano significativo<\/strong>, sino que tambi\u00e9n representa una <strong>amenaza considerable para la econom\u00eda global<\/strong>.<\/p>\n\n\n\n<p>El informe destaca que la resistencia a los antimicrobianos ya es responsable de <strong>1,27 millones de muertes al a\u00f1o<\/strong>, una de cada cinco en ni\u00f1os menores de cinco a\u00f1os.<\/p>\n\n\n\n<p>Advierte adem\u00e1s que si no se toman medidas contundentes, la esperanza de vida podr\u00eda reducirse en 1,8 a\u00f1os para 2035.<\/p>\n\n\n\n<p>Revela tambi\u00e9n que <strong>el impacto econ\u00f3mico ser\u00eda de 412.000 millones de d\u00f3lares anuales en costos sanitarios<\/strong> y 443.000 millones de d\u00f3lares en p\u00e9rdida de productividad.<\/p>\n\n\n\n<p>Ante este panorama el GLG insta a los Estados miembros de la ONU a <strong>tomar medidas audaces y espec\u00edficas para abordar la RAM<\/strong>.&nbsp;<\/p>\n\n\n\n<p>El informe propone una serie de recomendaciones, incluyendo: asegurar financiaci\u00f3n adecuada, predecible y sostenible para combatir la RAM, implementar estrategias de prevenci\u00f3n de infecciones en la salud humana, animal y en los ecosistemas, reducir el consumo de antimicrobianos en un 30% a 50% en el sector agroalimentario y eliminar el uso de antimicrobianos de importancia m\u00e9dica en animales para fines no veterinarios.<\/p>\n\n\n\n<p>El GLG propone objetivos tangibles para 2030, como: reducir en un 10% las muertes por RAM a nivel mundial, asegurar que el 80% del consumo de antibi\u00f3ticos en humanos sean del grupo ACCESS y eliminar el uso de antimicrobianos de importancia m\u00e9dica en animales para fines no veterinarios.<\/p>\n\n\n\n<p>\u201cTenemos las herramientas para mitigar la crisis de la RAM y estos datos apuntan a un futuro devastador si no tomamos medidas m\u00e1s audaces ahora\u201d , dice la Presidenta del GLG sobre la RAM, Mia Amor Mottley, Primera Ministra de Barbados. \u201cEs por eso que el Grupo de L\u00edderes Globales est\u00e1 haciendo recomendaciones y proponiendo objetivos para impulsar una respuesta global s\u00f3lida a la RAM y salvar millones de vidas\u00bb.<\/p>\n","protected":false},"excerpt":{"rendered":"<p>El Grupo de L\u00edderes Mundiales sobre la Resistencia a los Antimicrobianos (RAM ) ha publicado un informe que advierte sobre las graves consecuencias de la inacci\u00f3n frente a este problema creciente.\u00a0 El estudio econ\u00f3mico presentado por el grupo confirma que la resistencia a los antimicrobianos no solo tiene un costo humano significativo, sino que tambi\u00e9n [&hellip;]<\/p>\n","protected":false},"author":17,"featured_media":25367,"comment_status":"closed","ping_status":"open","sticky":false,"template":"","format":"standard","meta":{"_acf_changed":false,"footnotes":""},"categories":[551],"tags":[1965,2378,680],"class_list":["post-34934","post","type-post","status-publish","format-standard","has-post-thumbnail","hentry","category-noticias","tag-antibioticos","tag-ram","tag-resistencia-antimicrobiana"],"acf":[],"_links":{"self":[{"href":"https:\/\/ktechproduccion.net\/diariosalud.com\/wp-json\/wp\/v2\/posts\/34934","targetHints":{"allow":["GET"]}}],"collection":[{"href":"https:\/\/ktechproduccion.net\/diariosalud.com\/wp-json\/wp\/v2\/posts"}],"about":[{"href":"https:\/\/ktechproduccion.net\/diariosalud.com\/wp-json\/wp\/v2\/types\/post"}],"author":[{"embeddable":true,"href":"https:\/\/ktechproduccion.net\/diariosalud.com\/wp-json\/wp\/v2\/users\/17"}],"replies":[{"embeddable":true,"href":"https:\/\/ktechproduccion.net\/diariosalud.com\/wp-json\/wp\/v2\/comments?post=34934"}],"version-history":[{"count":0,"href":"https:\/\/ktechproduccion.net\/diariosalud.com\/wp-json\/wp\/v2\/posts\/34934\/revisions"}],"wp:featuredmedia":[{"embeddable":true,"href":"https:\/\/ktechproduccion.net\/diariosalud.com\/wp-json\/wp\/v2\/media\/25367"}],"wp:attachment":[{"href":"https:\/\/ktechproduccion.net\/diariosalud.com\/wp-json\/wp\/v2\/media?parent=34934"}],"wp:term":[{"taxonomy":"category","embeddable":true,"href":"https:\/\/ktechproduccion.net\/diariosalud.com\/wp-json\/wp\/v2\/categories?post=34934"},{"taxonomy":"post_tag","embeddable":true,"href":"https:\/\/ktechproduccion.net\/diariosalud.com\/wp-json\/wp\/v2\/tags?post=34934"}],"curies":[{"name":"wp","href":"https:\/\/api.w.org\/{rel}","templated":true}]}}