{"id":34928,"date":"2024-04-10T04:12:11","date_gmt":"2024-04-10T08:12:11","guid":{"rendered":"https:\/\/diariosalud.com\/?p=34928"},"modified":"2024-04-10T04:12:11","modified_gmt":"2024-04-10T08:12:11","slug":"ops-lanza-convocatoria-abierta-para-grupos-asesores-estrategicos","status":"publish","type":"post","link":"https:\/\/ktechproduccion.net\/diariosalud.com\/ops-lanza-convocatoria-abierta-para-grupos-asesores-estrategicos\/","title":{"rendered":"OPS lanza convocatoria abierta para Grupos Asesores Estrat\u00e9gicos"},"content":{"rendered":"\n<p>El Director de la Organizaci\u00f3n Panamericana de la Salud (OPS), Dr. Jarbas Barbosa, lanz\u00f3 hoy doce convocatorias abiertas para que expertos se unan a los Grupos Asesores Estrat\u00e9gicos de la Organizaci\u00f3n. Los Grupos orientar\u00e1n al Director de la OPS sobre asuntos t\u00e9cnicos estrat\u00e9gicos relacionados con \u00e1reas especializadas de la salud.<\/p>\n\n\n\n<p>La pol\u00edtica revisada sobre los Grupos Asesores Estrat\u00e9gicos, incluyendo la convocatoria abierta, es parte de un enfoque m\u00e1s amplio para aumentar la eficiencia, transparencia y la rendici\u00f3n de cuentas en el marco de la iniciativa OPS Adelante. La creaci\u00f3n de procedimientos m\u00e1s estandarizados tiene como objetivo garantizar procesos transparentes para el establecimiento de los Grupos Asesores Estrat\u00e9gicos y su membres\u00eda, as\u00ed como estandarizar los t\u00e9rminos de referencia, aplicaci\u00f3n y procesos de selecci\u00f3n.&nbsp;<\/p>\n\n\n\n<p>Esta iniciativa tambi\u00e9n permitir\u00e1 un mejor equilibrio subregional y de g\u00e9nero en estos mecanismos asesores de la Organizaci\u00f3n. Los Grupos Asesores Estrat\u00e9gicos (SAG, por sus siglas en ingl\u00e9s) reemplazar\u00e1n a los actuales Grupos T\u00e9cnicos Asesores (GTA). Los miembros servir\u00e1n cada uno por un per\u00edodo de tres a\u00f1os, renovable una vez.<\/p>\n\n\n\n<p>Se han creado doce Grupos Asesores Estrat\u00e9gicos para las siguientes \u00e1reas especializadas de la salud:<\/p>\n\n\n\n<ul class=\"wp-block-list\">\n<li>Eliminaci\u00f3n de enfermedades<\/li>\n\n\n\n<li>Salud universal y atenci\u00f3n primaria de salud<\/li>\n\n\n\n<li>Objetivos de Desarrollo Sostenible y equidad en la salud<\/li>\n\n\n\n<li>Enfermedades prevenibles mediante la vacunaci\u00f3n<\/li>\n\n\n\n<li>Enfermedades no transmisibles y sus factores de riesgo<\/li>\n\n\n\n<li>Salud mental y prevenci\u00f3n del suicidio<\/li>\n\n\n\n<li>Prevenci\u00f3n y preparaci\u00f3n frente a epidemias y pandemias<\/li>\n\n\n\n<li>Fomento de la innovaci\u00f3n y aumento de la capacidad de producci\u00f3n de medicamentos y otras tecnolog\u00edas sanitarias en la Regi\u00f3n<\/li>\n\n\n\n<li>Cambio clim\u00e1tico y determinantes ambientales de la salud<\/li>\n\n\n\n<li>Sistemas de informaci\u00f3n y transformaci\u00f3n digital de la salud<\/li>\n\n\n\n<li>Malaria<\/li>\n\n\n\n<li>Reducci\u00f3n de la mortalidad materna<\/li>\n<\/ul>\n\n\n\n<p>Los expertos interesados en unirse a los Grupos Asesores Estrat\u00e9gicos de la Organizaci\u00f3n deben <a href=\"https:\/\/www.paho.org\/es\/convocatoria-abierta-expertos-para-integrar-grupos-asesores-estrategicos\" target=\"_blank\" rel=\"noopener\" title=\"\">enviar sus curr\u00edculums utilizando este enlace<\/a>. <\/p>\n\n\n\n<p>Los solicitantes seleccionados servir\u00e1n por su capacidad individual y no podr\u00e1n representar a un pa\u00eds o instituci\u00f3n. Los Grupos Asesores Estrat\u00e9gicos se reunir\u00e1n dos veces al a\u00f1o, incluyendo al menos una reuni\u00f3n presencial.<\/p>\n","protected":false},"excerpt":{"rendered":"<p>El Director de la Organizaci\u00f3n Panamericana de la Salud (OPS), Dr. Jarbas Barbosa, lanz\u00f3 hoy doce convocatorias abiertas para que expertos se unan a los Grupos Asesores Estrat\u00e9gicos de la Organizaci\u00f3n. Los Grupos orientar\u00e1n al Director de la OPS sobre asuntos t\u00e9cnicos estrat\u00e9gicos relacionados con \u00e1reas especializadas de la salud. La pol\u00edtica revisada sobre los [&hellip;]<\/p>\n","protected":false},"author":17,"featured_media":25238,"comment_status":"closed","ping_status":"closed","sticky":false,"template":"","format":"standard","meta":{"_acf_changed":false,"footnotes":""},"categories":[551],"tags":[2494,772,263],"class_list":["post-34928","post","type-post","status-publish","format-standard","has-post-thumbnail","hentry","category-noticias","tag-asesores-estrategicos-ops","tag-ops","tag-vacantes"],"acf":[],"_links":{"self":[{"href":"https:\/\/ktechproduccion.net\/diariosalud.com\/wp-json\/wp\/v2\/posts\/34928","targetHints":{"allow":["GET"]}}],"collection":[{"href":"https:\/\/ktechproduccion.net\/diariosalud.com\/wp-json\/wp\/v2\/posts"}],"about":[{"href":"https:\/\/ktechproduccion.net\/diariosalud.com\/wp-json\/wp\/v2\/types\/post"}],"author":[{"embeddable":true,"href":"https:\/\/ktechproduccion.net\/diariosalud.com\/wp-json\/wp\/v2\/users\/17"}],"replies":[{"embeddable":true,"href":"https:\/\/ktechproduccion.net\/diariosalud.com\/wp-json\/wp\/v2\/comments?post=34928"}],"version-history":[{"count":0,"href":"https:\/\/ktechproduccion.net\/diariosalud.com\/wp-json\/wp\/v2\/posts\/34928\/revisions"}],"wp:featuredmedia":[{"embeddable":true,"href":"https:\/\/ktechproduccion.net\/diariosalud.com\/wp-json\/wp\/v2\/media\/25238"}],"wp:attachment":[{"href":"https:\/\/ktechproduccion.net\/diariosalud.com\/wp-json\/wp\/v2\/media?parent=34928"}],"wp:term":[{"taxonomy":"category","embeddable":true,"href":"https:\/\/ktechproduccion.net\/diariosalud.com\/wp-json\/wp\/v2\/categories?post=34928"},{"taxonomy":"post_tag","embeddable":true,"href":"https:\/\/ktechproduccion.net\/diariosalud.com\/wp-json\/wp\/v2\/tags?post=34928"}],"curies":[{"name":"wp","href":"https:\/\/api.w.org\/{rel}","templated":true}]}}