{"id":34811,"date":"2024-02-28T08:14:55","date_gmt":"2024-02-28T12:14:55","guid":{"rendered":"https:\/\/diariosalud.com\/?p=34811"},"modified":"2024-02-28T08:14:55","modified_gmt":"2024-02-28T12:14:55","slug":"talx-participa-en-el-4yfn-del-mobile-world-congress-2024","status":"publish","type":"post","link":"https:\/\/ktechproduccion.net\/diariosalud.com\/talx-participa-en-el-4yfn-del-mobile-world-congress-2024\/","title":{"rendered":"TALX participa en el 4YFN del Mobile World Congress 2024"},"content":{"rendered":"\n<p><strong>Barcelona, 27 de febrero de 2024<\/strong> \u2013 3d thinks presenta<a href=\"https:\/\/talxapp.io\/\"> TALX<\/a>, el primer servicio de comunicaci\u00f3n inclusiva que permite a los usuarios con brecha digital comunicarse de manera f\u00e1cil y eficiente, participa en el 4YFN (4 Years From Now), el evento dedicado a las startups y la innovaci\u00f3n que se celebra en el marco del Mobile World Congress 2024.<\/p>\n\n\n\n<p><a href=\"https:\/\/talxapp.io\/\">TALX<\/a> es la primera aplicaci\u00f3n de comunicaci\u00f3n a distancia inclusiva que permite a este colectivo interactuar de forma f\u00e1cil, eficiente y segura con todo lo que necesitan y con todos los que aman, mejorando significativamente su calidad de vida.<\/p>\n\n\n\n<p><strong>Un puente hacia la inclusi\u00f3n social<\/strong><\/p>\n\n\n\n<p>La brecha digital es una realidad que afecta a millones de personas en todo el mundo, limitando su acceso a la informaci\u00f3n, la educaci\u00f3n, el entretenimiento y las relaciones sociales. <strong>Tecnolog\u00eda innovadora al servicio de la inclusi\u00f3n<\/strong><\/p>\n\n\n\n<p><a href=\"https:\/\/talxapp.io\/\">TALX<\/a> se basa en una plataforma tecnol\u00f3gica de \u00faltima generaci\u00f3n que se adapta a las necesidades de cada usuario. La plataforma ofrece una interfaz sencilla e intuitiva, accesible para personas con diferentes niveles de alfabetizaci\u00f3n digital y habilidades tecnol\u00f3gicas. Adem\u00e1s, TALX cuenta con un servicio de atenci\u00f3n personalizada que brinda soporte y asistencia a los usuarios en todo momento.<\/p>\n\n\n\n<p><strong>Del 26 al 29 de febrero<\/strong>, ac\u00e9rcate al pabell\u00f3n del Barcelona Health Hub dedicado a la salud digital en el Booth 8.0 C5 del Hall 8 de la Feria Gran V\u00eda de Barcelona y conoce a nuestro equipo ejecutivo.<\/p>\n","protected":false},"excerpt":{"rendered":"<p>Barcelona, 27 de febrero de 2024 \u2013 3d thinks presenta TALX, el primer servicio de comunicaci\u00f3n inclusiva que permite a los usuarios con brecha digital comunicarse de manera f\u00e1cil y eficiente, participa en el 4YFN (4 Years From Now), el evento dedicado a las startups y la innovaci\u00f3n que se celebra en el marco del [&hellip;]<\/p>\n","protected":false},"author":17,"featured_media":34861,"comment_status":"open","ping_status":"open","sticky":false,"template":"","format":"standard","meta":{"_acf_changed":false,"footnotes":""},"categories":[551],"tags":[2484,1388,670,2485],"class_list":["post-34811","post","type-post","status-publish","format-standard","has-post-thumbnail","hentry","category-noticias","tag-barcelona-healrh-hub","tag-bhh","tag-salud-digital","tag-world-mobile-congress"],"acf":[],"_links":{"self":[{"href":"https:\/\/ktechproduccion.net\/diariosalud.com\/wp-json\/wp\/v2\/posts\/34811","targetHints":{"allow":["GET"]}}],"collection":[{"href":"https:\/\/ktechproduccion.net\/diariosalud.com\/wp-json\/wp\/v2\/posts"}],"about":[{"href":"https:\/\/ktechproduccion.net\/diariosalud.com\/wp-json\/wp\/v2\/types\/post"}],"author":[{"embeddable":true,"href":"https:\/\/ktechproduccion.net\/diariosalud.com\/wp-json\/wp\/v2\/users\/17"}],"replies":[{"embeddable":true,"href":"https:\/\/ktechproduccion.net\/diariosalud.com\/wp-json\/wp\/v2\/comments?post=34811"}],"version-history":[{"count":0,"href":"https:\/\/ktechproduccion.net\/diariosalud.com\/wp-json\/wp\/v2\/posts\/34811\/revisions"}],"wp:featuredmedia":[{"embeddable":true,"href":"https:\/\/ktechproduccion.net\/diariosalud.com\/wp-json\/wp\/v2\/media\/34861"}],"wp:attachment":[{"href":"https:\/\/ktechproduccion.net\/diariosalud.com\/wp-json\/wp\/v2\/media?parent=34811"}],"wp:term":[{"taxonomy":"category","embeddable":true,"href":"https:\/\/ktechproduccion.net\/diariosalud.com\/wp-json\/wp\/v2\/categories?post=34811"},{"taxonomy":"post_tag","embeddable":true,"href":"https:\/\/ktechproduccion.net\/diariosalud.com\/wp-json\/wp\/v2\/tags?post=34811"}],"curies":[{"name":"wp","href":"https:\/\/api.w.org\/{rel}","templated":true}]}}