{"id":34288,"date":"2023-09-20T12:28:53","date_gmt":"2023-09-20T16:28:53","guid":{"rendered":"https:\/\/diariosalud.com\/?p=34288"},"modified":"2023-09-20T12:28:53","modified_gmt":"2023-09-20T16:28:53","slug":"investigadores-catalogan-de-pandemia-paralela-secuelas-del-covid-19-aun-sin-diagnosticar-y-tratar","status":"publish","type":"post","link":"https:\/\/ktechproduccion.net\/diariosalud.com\/investigadores-catalogan-de-pandemia-paralela-secuelas-del-covid-19-aun-sin-diagnosticar-y-tratar\/","title":{"rendered":"Investigadores catalogan de \u201cpandemia paralela\u201d secuelas del COVID-19 a\u00fan sin diagnosticar y tratar"},"content":{"rendered":"\n<p>La Fundaci\u00f3n PharmaMar, en colaboraci\u00f3n con la Asociaci\u00f3n Nacional de Informadores de la Salud (ANIS), ha realizado la segunda jornada de formaci\u00f3n cient\u00edfica dirigida a periodistas, titulada \u00abCiencia al D\u00eda\u00bb. Esta iniciativa tiene como objetivo principal fomentar la divulgaci\u00f3n cient\u00edfica y proporcionar a los profesionales de la informaci\u00f3n el conocimiento necesario para informar de manera precisa y rigurosa sobre temas de salud.<\/p>\n\n\n\n<p>La jornada \u00abComprendiendo los virus y prepar\u00e1ndonos para futuros retos sanitarios\u00bb cont\u00f3 con la destacada participaci\u00f3n del doctor Luis Enjuanes, profesor de investigaci\u00f3n en el Consejo Superior de Investigaciones Cient\u00edficas (CSIC) y director del laboratorio de coronavirus en el Centro Nacional de Biotecnolog\u00eda en Madrid, y la doctora. Isabel Sola, cient\u00edfica en el Consejo Superior de Investigaciones Cient\u00edficas (CSIC).<\/p>\n\n\n\n<p>Durante esta sesi\u00f3n informativa, los expertos brindaron una visi\u00f3n completa sobre los virus, desde su naturaleza hasta las \u00faltimas novedades en el campo de la virolog\u00eda. La Dra. Sola describi\u00f3 los virus como \u00abmensajes dentro de una botella, par\u00e1sitos intr\u00ednsecamente ligados a las c\u00e9lulas, que no pueden replicarse ni crecer de forma independiente\u00bb.<\/p>\n\n\n\n<p>Ambos cient\u00edficos subrayaron que los virus se encuentran en todas las formas de vida, desde las m\u00e1s simples, como las bacterias, hasta las m\u00e1s complejas, como los mam\u00edferos. El doctor Enjuanes destac\u00f3 que \u00ablos virus son part\u00edculas diminutas presentes en el agua, seres humanos y animales, etc., con una alta velocidad de replicaci\u00f3n y diversas v\u00edas de transmisi\u00f3n, incluyendo mosquitos, garrapatas, aves o contacto directo entre personas, entre otras\u00bb.<\/p>\n\n\n\n<p>Adem\u00e1s, resaltaron la capacidad de los virus para cambiar y evolucionar en su b\u00fasqueda constante de formas eficaces de propagarse y penetrar en las c\u00e9lulas humanas. Esta versatilidad y variabilidad se consideran sus \u00absuperpoderes\u00bb. Sin embargo, el Dr. Enjuanes enfatiz\u00f3 que \u00aba pesar del conocimiento actual sobre los virus, se estima que a\u00fan existen m\u00e1s de 300.000 por descubrir, lo que demuestra que a\u00fan queda mucho por aprender sobre ellos\u00bb.<\/p>\n\n\n\n<p><strong>Las secuelas del COVID-19, un desaf\u00edo persistente<\/strong><\/p>\n\n\n\n<p>En cuanto a la situaci\u00f3n actual, los expertos se\u00f1alaron que las variantes actualmente en circulaci\u00f3n est\u00e1n relacionadas con la variante \u00f3micron, y que el aumento de los casos podr\u00eda estar vinculado al incremento de la actividad social durante el verano. El SARS-CoV-2, al no ser un virus estacional y propagarse con eficacia, ha encontrado numerosos objetivos en ausencia de medidas de prevenci\u00f3n.<\/p>\n\n\n\n<p>No obstante, los cient\u00edficos advierten que, aunque los s\u00edntomas suelen ser leves debido a la inmunidad adquirida, es fundamental mantener la precauci\u00f3n, especialmente con personas mayores e inmunodeprimidas. Adem\u00e1s, la Dra. Sola inform\u00f3 sobre la existencia de una \u00abpandemia paralela\u00bb conocida como secuelas post COVID o COVID persistente, que afecta al 5% al 10% de los infectados y puede generar hasta 200 s\u00edntomas diferentes. Estas secuelas son dif\u00edciles de diagnosticar y a\u00fan se desconoce c\u00f3mo tratarlas.<\/p>\n\n\n\n<p><strong>La pr\u00f3xima pandemia: Un desaf\u00edo iInminente<\/strong><\/p>\n\n\n\n<p>En relaci\u00f3n a la pr\u00f3xima pandemia, los expertos advierten que los virus respiratorios, como la gripe y los coronavirus, poseen un alto potencial pand\u00e9mico. Aunque es dif\u00edcil predecir su origen exacto debido a la diversidad de los coronavirus, la Dra. Sola se\u00f1al\u00f3 que \u00ablas dos familias que tienen el mayor potencial pand\u00e9mico son los virus respiratorios, como el virus de la gripe y los coronavirus. Muy probablemente, la pr\u00f3xima pandemia vendr\u00e1 de uno de estos\u00bb.<\/p>\n","protected":false},"excerpt":{"rendered":"<p>La Fundaci\u00f3n PharmaMar, en colaboraci\u00f3n con la Asociaci\u00f3n Nacional de Informadores de la Salud (ANIS), ha realizado la segunda jornada de formaci\u00f3n cient\u00edfica dirigida a periodistas, titulada \u00abCiencia al D\u00eda\u00bb. Esta iniciativa tiene como objetivo principal fomentar la divulgaci\u00f3n cient\u00edfica y proporcionar a los profesionales de la informaci\u00f3n el conocimiento necesario para informar de manera [&hellip;]<\/p>\n","protected":false},"author":17,"featured_media":34289,"comment_status":"open","ping_status":"open","sticky":false,"template":"","format":"standard","meta":{"_acf_changed":false,"footnotes":""},"categories":[551],"tags":[2422,366,178],"class_list":["post-34288","post","type-post","status-publish","format-standard","has-post-thumbnail","hentry","category-noticias","tag-covid-persistente","tag-covid-19","tag-pandemia"],"acf":[],"_links":{"self":[{"href":"https:\/\/ktechproduccion.net\/diariosalud.com\/wp-json\/wp\/v2\/posts\/34288","targetHints":{"allow":["GET"]}}],"collection":[{"href":"https:\/\/ktechproduccion.net\/diariosalud.com\/wp-json\/wp\/v2\/posts"}],"about":[{"href":"https:\/\/ktechproduccion.net\/diariosalud.com\/wp-json\/wp\/v2\/types\/post"}],"author":[{"embeddable":true,"href":"https:\/\/ktechproduccion.net\/diariosalud.com\/wp-json\/wp\/v2\/users\/17"}],"replies":[{"embeddable":true,"href":"https:\/\/ktechproduccion.net\/diariosalud.com\/wp-json\/wp\/v2\/comments?post=34288"}],"version-history":[{"count":0,"href":"https:\/\/ktechproduccion.net\/diariosalud.com\/wp-json\/wp\/v2\/posts\/34288\/revisions"}],"wp:featuredmedia":[{"embeddable":true,"href":"https:\/\/ktechproduccion.net\/diariosalud.com\/wp-json\/wp\/v2\/media\/34289"}],"wp:attachment":[{"href":"https:\/\/ktechproduccion.net\/diariosalud.com\/wp-json\/wp\/v2\/media?parent=34288"}],"wp:term":[{"taxonomy":"category","embeddable":true,"href":"https:\/\/ktechproduccion.net\/diariosalud.com\/wp-json\/wp\/v2\/categories?post=34288"},{"taxonomy":"post_tag","embeddable":true,"href":"https:\/\/ktechproduccion.net\/diariosalud.com\/wp-json\/wp\/v2\/tags?post=34288"}],"curies":[{"name":"wp","href":"https:\/\/api.w.org\/{rel}","templated":true}]}}