{"id":33787,"date":"2023-03-04T11:11:38","date_gmt":"2023-03-04T15:11:38","guid":{"rendered":"https:\/\/diariosalud.com\/uncategorized\/lanzan-aplicacion-gratuita-para-evaluar-salud-auditiva\/"},"modified":"2023-03-04T11:11:38","modified_gmt":"2023-03-04T15:11:38","slug":"lanzan-aplicacion-gratuita-para-evaluar-salud-auditiva","status":"publish","type":"post","link":"https:\/\/ktechproduccion.net\/diariosalud.com\/lanzan-aplicacion-gratuita-para-evaluar-salud-auditiva\/","title":{"rendered":"Lanzan aplicaci\u00f3n gratuita para evaluar salud auditiva"},"content":{"rendered":"\n<p>La <strong>Organizaci\u00f3n Mundial de la Salud (OMS)<\/strong> ha lanzado una aplicaci\u00f3n llamada <a href=\"https:\/\/www.who.int\/teams\/noncommunicable-diseases\/sensory-functions-disability-and-rehabilitation\/hearwho\">listenWHO<\/a> para evaluar y hacer un seguimiento de la audici\u00f3n a lo largo del tiempo. La Dra. Shelly Chadha, experta en audici\u00f3n de la OMS, explica que la p\u00e9rdida auditiva es un problema de salud importante y que los primeros signos pueden ser sutiles, como dificultad para seguir conversaciones o tener que subir el volumen del televisor o la radio.<\/p>\n\n\n\n<p>La buena noticia es que, en muchos casos, la p\u00e9rdida auditiva puede prevenirse y tratarse con \u00e9xito. La Dra. Chadha aconseja evitar la exposici\u00f3n prolongada a ruidos fuertes, usar protectores auditivos en lugares ruidosos y mantener una buena higiene del o\u00eddo. Tambi\u00e9n recomienda hacerse una evaluaci\u00f3n auditiva regularmente.<\/p>\n\n\n\n<p>La aplicaci\u00f3n <a href=\"https:\/\/www.who.int\/teams\/noncommunicable-diseases\/sensory-functions-disability-and-rehabilitation\/hearwho\">listenWHO<\/a>, que est\u00e1 disponible de forma gratuita en dispositivos Android e iOS en ingl\u00e9s, espa\u00f1ol y mandar\u00edn, permite a los usuarios evaluar su audici\u00f3n y hacer un seguimiento de su salud auditiva. La versi\u00f3n pro de la aplicaci\u00f3n tambi\u00e9n puede ser utilizada por trabajadores de la salud.<a href=\"https:\/\/www.youtube.com\/watch?v=BoWg5MSmmUY\">Ciencia en 5 es la serie de videos<\/a> y podcasts de la OMS en la que expertos de la organizaci\u00f3n explican la ciencia relacionada con el COVID-19 y otros problemas de salud. La serie est\u00e1 disponible en los canales de YouTube, Instagram, Facebook, Twitter y LinkedIn de la OMS y en las principales plataformas de podcasts.<\/p>\n","protected":false},"excerpt":{"rendered":"<p>La Organizaci\u00f3n Mundial de la Salud (OMS) ha lanzado una aplicaci\u00f3n llamada listenWHO para evaluar y hacer un seguimiento de la audici\u00f3n a lo largo del tiempo. La Dra. Shelly Chadha, experta en audici\u00f3n de la OMS, explica que la p\u00e9rdida auditiva es un problema de salud importante y que los primeros signos pueden ser [&hellip;]<\/p>\n","protected":false},"author":18,"featured_media":24482,"comment_status":"closed","ping_status":"closed","sticky":false,"template":"","format":"standard","meta":{"_acf_changed":false,"footnotes":""},"categories":[551],"tags":[2306,352,2307],"class_list":["post-33787","post","type-post","status-publish","format-standard","has-post-thumbnail","hentry","category-noticias","tag-app-de-salud","tag-oms","tag-salud-auditiva"],"acf":[],"_links":{"self":[{"href":"https:\/\/ktechproduccion.net\/diariosalud.com\/wp-json\/wp\/v2\/posts\/33787","targetHints":{"allow":["GET"]}}],"collection":[{"href":"https:\/\/ktechproduccion.net\/diariosalud.com\/wp-json\/wp\/v2\/posts"}],"about":[{"href":"https:\/\/ktechproduccion.net\/diariosalud.com\/wp-json\/wp\/v2\/types\/post"}],"author":[{"embeddable":true,"href":"https:\/\/ktechproduccion.net\/diariosalud.com\/wp-json\/wp\/v2\/users\/18"}],"replies":[{"embeddable":true,"href":"https:\/\/ktechproduccion.net\/diariosalud.com\/wp-json\/wp\/v2\/comments?post=33787"}],"version-history":[{"count":0,"href":"https:\/\/ktechproduccion.net\/diariosalud.com\/wp-json\/wp\/v2\/posts\/33787\/revisions"}],"wp:featuredmedia":[{"embeddable":true,"href":"https:\/\/ktechproduccion.net\/diariosalud.com\/wp-json\/wp\/v2\/media\/24482"}],"wp:attachment":[{"href":"https:\/\/ktechproduccion.net\/diariosalud.com\/wp-json\/wp\/v2\/media?parent=33787"}],"wp:term":[{"taxonomy":"category","embeddable":true,"href":"https:\/\/ktechproduccion.net\/diariosalud.com\/wp-json\/wp\/v2\/categories?post=33787"},{"taxonomy":"post_tag","embeddable":true,"href":"https:\/\/ktechproduccion.net\/diariosalud.com\/wp-json\/wp\/v2\/tags?post=33787"}],"curies":[{"name":"wp","href":"https:\/\/api.w.org\/{rel}","templated":true}]}}