{"id":33761,"date":"2023-02-13T21:37:16","date_gmt":"2023-02-14T01:37:16","guid":{"rendered":"https:\/\/diariosalud.com\/uncategorized\/oms-evalua-el-riesgo-mundial-de-colera-como-muy-alto\/"},"modified":"2023-02-13T21:37:16","modified_gmt":"2023-02-14T01:37:16","slug":"oms-evalua-el-riesgo-mundial-de-colera-como-muy-alto","status":"publish","type":"post","link":"https:\/\/ktechproduccion.net\/diariosalud.com\/oms-evalua-el-riesgo-mundial-de-colera-como-muy-alto\/","title":{"rendered":"OMS eval\u00faa el riesgo mundial de c\u00f3lera como muy alto"},"content":{"rendered":"\n<p>La <strong>Organizaci\u00f3n Mundial de la Salud (OMS)<\/strong>, emiti\u00f3 un comunicado donde\u00a0 recomienda a los pa\u00edses que <strong>intensifiquen sus medidas de vigilancia y prevenci\u00f3n, incluyendo la promoci\u00f3n de medidas de higiene, el acceso a agua potable y saneamiento, y la vacunaci\u00f3n contra el c\u00f3lera<\/strong>. Adem\u00e1s, se recomienda a los pa\u00edses que<strong> fortalezcan sus sistemas de salud para poder responder r\u00e1pidamente a cualquier brote y minimizar su impacto en la poblaci\u00f3n<\/strong>.<\/p>\n\n\n\n<p>La cooperaci\u00f3n internacional tambi\u00e9n es esencial para enfrentar esta crisis sanitaria global. La OMS, junto con otros organismos internacionales y la comunidad internacional en general, est\u00e1 trabajando juntos para<strong> proporcionar asistencia t\u00e9cnica, recursos y apoyo a los pa\u00edses afectados.<\/strong><\/p>\n\n\n\n<p>En conclusi\u00f3n, la pandemia de c\u00f3lera contin\u00faa siendo una amenaza para la salud p\u00fablica mundial y requiere una <strong>acci\u00f3n urgente<\/strong> y coordinada por parte de los pa\u00edses, la comunidad internacional y los profesionales de la salud. La prevenci\u00f3n y el control temprano de los brotes, as\u00ed como la mejora de la accesibilidad y disponibilidad de vacunas y recursos, son clave para minimizar su impacto en la poblaci\u00f3n mundial.<\/p>\n\n\n\n<p>Sobre la base de la situaci\u00f3n actual, incluido el n\u00famero creciente de brotes y su expansi\u00f3n geogr\u00e1fica, as\u00ed como la falta de vacunas y otros recursos, la OMS eval\u00faa el <strong>riesgo a nivel mundial como muy alto<\/strong>.<\/p>\n","protected":false},"excerpt":{"rendered":"<p>La Organizaci\u00f3n Mundial de la Salud (OMS), emiti\u00f3 un comunicado donde\u00a0 recomienda a los pa\u00edses que intensifiquen sus medidas de vigilancia y prevenci\u00f3n, incluyendo la promoci\u00f3n de medidas de higiene, el acceso a agua potable y saneamiento, y la vacunaci\u00f3n contra el c\u00f3lera. Adem\u00e1s, se recomienda a los pa\u00edses que fortalezcan sus sistemas de salud [&hellip;]<\/p>\n","protected":false},"author":18,"featured_media":26403,"comment_status":"closed","ping_status":"closed","sticky":false,"template":"","format":"standard","meta":{"_acf_changed":false,"footnotes":""},"categories":[551],"tags":[2041,352],"class_list":["post-33761","post","type-post","status-publish","format-standard","has-post-thumbnail","hentry","category-noticias","tag-colera","tag-oms"],"acf":[],"_links":{"self":[{"href":"https:\/\/ktechproduccion.net\/diariosalud.com\/wp-json\/wp\/v2\/posts\/33761","targetHints":{"allow":["GET"]}}],"collection":[{"href":"https:\/\/ktechproduccion.net\/diariosalud.com\/wp-json\/wp\/v2\/posts"}],"about":[{"href":"https:\/\/ktechproduccion.net\/diariosalud.com\/wp-json\/wp\/v2\/types\/post"}],"author":[{"embeddable":true,"href":"https:\/\/ktechproduccion.net\/diariosalud.com\/wp-json\/wp\/v2\/users\/18"}],"replies":[{"embeddable":true,"href":"https:\/\/ktechproduccion.net\/diariosalud.com\/wp-json\/wp\/v2\/comments?post=33761"}],"version-history":[{"count":0,"href":"https:\/\/ktechproduccion.net\/diariosalud.com\/wp-json\/wp\/v2\/posts\/33761\/revisions"}],"wp:featuredmedia":[{"embeddable":true,"href":"https:\/\/ktechproduccion.net\/diariosalud.com\/wp-json\/wp\/v2\/media\/26403"}],"wp:attachment":[{"href":"https:\/\/ktechproduccion.net\/diariosalud.com\/wp-json\/wp\/v2\/media?parent=33761"}],"wp:term":[{"taxonomy":"category","embeddable":true,"href":"https:\/\/ktechproduccion.net\/diariosalud.com\/wp-json\/wp\/v2\/categories?post=33761"},{"taxonomy":"post_tag","embeddable":true,"href":"https:\/\/ktechproduccion.net\/diariosalud.com\/wp-json\/wp\/v2\/tags?post=33761"}],"curies":[{"name":"wp","href":"https:\/\/api.w.org\/{rel}","templated":true}]}}