{"id":33752,"date":"2023-02-07T16:38:01","date_gmt":"2023-02-07T20:38:01","guid":{"rendered":"https:\/\/diariosalud.com\/uncategorized\/informan-del-primer-caso-de-paciente-de-19-anos-con-alzheimer\/"},"modified":"2023-02-07T16:38:01","modified_gmt":"2023-02-07T20:38:01","slug":"informan-del-primer-caso-de-paciente-de-19-anos-con-alzheimer","status":"publish","type":"post","link":"https:\/\/ktechproduccion.net\/diariosalud.com\/informan-del-primer-caso-de-paciente-de-19-anos-con-alzheimer\/","title":{"rendered":"Informan del primer caso de paciente de 19 a\u00f1os con Alzh\u00e9imer"},"content":{"rendered":"\n<p>Un equipo m\u00e9dico de Pek\u00edn ha reportado el primer caso de un adolescente de 19 a\u00f1os con enfermedad de Alzheimer. <\/p>\n\n\n\n<p>Los cient\u00edficos del Centro de Innovaci\u00f3n para Des\u00f3rdenes Neurol\u00f3gicos del hospital pequin\u00e9s informaron que el joven comenz\u00f3 a tener problemas de memoria a los 17 a\u00f1os y dificultades de concentraci\u00f3n. Aunque no hab\u00eda un historial de la enfermedad en la familia del paciente ni problemas gen\u00e9ticos o enfermedades, su memoria empeor\u00f3 hasta el punto de no recordar eventos recientes o si hab\u00eda comido. <\/p>\n\n\n\n<p>El l\u00edder del estudio, Jia Jianping, pidi\u00f3 m\u00e1s atenci\u00f3n a la posibilidad de que el Alzheimer se manifieste en personas j\u00f3venes. Los resultados fueron publicados en la revista cient\u00edfica <a href=\"http:\/\/Journal of Alzheimer's Disease\">Journal of Alzheimer&#8217;s Disease.<\/a><\/p>\n","protected":false},"excerpt":{"rendered":"<p>Un equipo m\u00e9dico de Pek\u00edn ha reportado el primer caso de un adolescente de 19 a\u00f1os con enfermedad de Alzheimer. Los cient\u00edficos del Centro de Innovaci\u00f3n para Des\u00f3rdenes Neurol\u00f3gicos del hospital pequin\u00e9s informaron que el joven comenz\u00f3 a tener problemas de memoria a los 17 a\u00f1os y dificultades de concentraci\u00f3n. Aunque no hab\u00eda un historial [&hellip;]<\/p>\n","protected":false},"author":18,"featured_media":21817,"comment_status":"closed","ping_status":"closed","sticky":false,"template":"","format":"standard","meta":{"_acf_changed":false,"footnotes":""},"categories":[551],"tags":[521,235,118],"class_list":["post-33752","post","type-post","status-publish","format-standard","has-post-thumbnail","hentry","category-noticias","tag-estudio","tag-investigacion","tag-neurologia"],"acf":[],"_links":{"self":[{"href":"https:\/\/ktechproduccion.net\/diariosalud.com\/wp-json\/wp\/v2\/posts\/33752","targetHints":{"allow":["GET"]}}],"collection":[{"href":"https:\/\/ktechproduccion.net\/diariosalud.com\/wp-json\/wp\/v2\/posts"}],"about":[{"href":"https:\/\/ktechproduccion.net\/diariosalud.com\/wp-json\/wp\/v2\/types\/post"}],"author":[{"embeddable":true,"href":"https:\/\/ktechproduccion.net\/diariosalud.com\/wp-json\/wp\/v2\/users\/18"}],"replies":[{"embeddable":true,"href":"https:\/\/ktechproduccion.net\/diariosalud.com\/wp-json\/wp\/v2\/comments?post=33752"}],"version-history":[{"count":0,"href":"https:\/\/ktechproduccion.net\/diariosalud.com\/wp-json\/wp\/v2\/posts\/33752\/revisions"}],"wp:featuredmedia":[{"embeddable":true,"href":"https:\/\/ktechproduccion.net\/diariosalud.com\/wp-json\/"}],"wp:attachment":[{"href":"https:\/\/ktechproduccion.net\/diariosalud.com\/wp-json\/wp\/v2\/media?parent=33752"}],"wp:term":[{"taxonomy":"category","embeddable":true,"href":"https:\/\/ktechproduccion.net\/diariosalud.com\/wp-json\/wp\/v2\/categories?post=33752"},{"taxonomy":"post_tag","embeddable":true,"href":"https:\/\/ktechproduccion.net\/diariosalud.com\/wp-json\/wp\/v2\/tags?post=33752"}],"curies":[{"name":"wp","href":"https:\/\/api.w.org\/{rel}","templated":true}]}}