{"id":33739,"date":"2023-01-30T19:26:34","date_gmt":"2023-01-30T23:26:34","guid":{"rendered":"https:\/\/diariosalud.com\/uncategorized\/covid-19-sigue-constituyendo-una-emergencia-de-salud-publica-oms-brinda-7-recomendaciones-a-los-paises\/"},"modified":"2023-01-30T19:26:34","modified_gmt":"2023-01-30T23:26:34","slug":"covid-19-sigue-constituyendo-una-emergencia-de-salud-publica-oms-brinda-7-recomendaciones-a-los-paises","status":"publish","type":"post","link":"https:\/\/ktechproduccion.net\/diariosalud.com\/covid-19-sigue-constituyendo-una-emergencia-de-salud-publica-oms-brinda-7-recomendaciones-a-los-paises\/","title":{"rendered":"COVID-19 sigue constituyendo\u00a0una emergencia de salud p\u00fablica: OMS brinda 7 recomendaciones a los pa\u00edses"},"content":{"rendered":"\n<p><em>Seg\u00fan el Comit\u00e9 de Emergencias del Reglamento Sanitario Internacional (RSI &#8211; 2005) sobre la pandemia de enfermedad por el coronavirus de 2019 (COVID-19), la pandemia sigue constituyendo una <strong>emergencia de salud p\u00fablica de importancia internacional.<\/strong><\/em><\/p>\n\n\n\n<p>El doctor y director general de la OMS, <strong>Tedros Adhanom Ghebreyesus<\/strong>, dice estar de acuerdo con el asesoramiento ofrecido por el <strong>Comit\u00e9 <\/strong>y determina que el coronavirus sigue constituyendo una emergencia.<\/p>\n\n\n\n<p>En ese sentido, el<a href=\"https:\/\/www.paho.org\/es\/noticias\/30-1-2023-pandemia-covid-19-sigue-constituyendo-emergencia-salud-publica-importancia\"> Comit\u00e9 advirti\u00f3 <\/a>que \u00abse necesitan medidas de salud p\u00fablica a largo plazo, ya que se espera que el virus siga siendo un pat\u00f3geno establecido en un futuro inmediato\u00bb. <\/p>\n\n\n\n<p>Adem\u00e1s el equipo recomend\u00f3 que la <a href=\"https:\/\/ktechproduccion.net\/diariosalud.com\/oms-actualiza-recomendaciones-para-prevenir-la-covid-19\/\">OMS<\/a>, en consulta con los asociados y las partes interesadas, elabore una propuesta de mecanismos alternativos para mantener la atenci\u00f3n mundial y nacional sobre la COVID-19 una vez finalizada la emergencia. <\/p>\n\n\n\n<p>A la ves pidi\u00f3 a la <strong>Secretar\u00eda de la OMS<\/strong> que proporcionara una evaluaci\u00f3n de las implicaciones normativas para el desarrollo y la autorizaci\u00f3n de vacunas, m\u00e9todos de diagn\u00f3stico y medios terap\u00e9uticos en caso de que la emergencia finalice en los pr\u00f3ximos meses.<\/p>\n\n\n\n<p><strong>El Comit\u00e9 de Emergencia emiti\u00f3 siete Recomendaciones Temporales a los Estados Miembros de la OMS y estas son:<\/strong><\/p>\n\n\n\n<p>1-Centrarse en la vacunaci\u00f3n y los refuerzos<\/p>\n\n\n\n<p>2. Mejorar la notificaci\u00f3n de datos a la OMS<\/p>\n\n\n\n<p>3. Aumentar la utilizaci\u00f3n y la disponibilidad a largo plazo de vacunas, medios de diagn\u00f3stico y terap\u00e9uticos contra la COVID-19<\/p>\n\n\n\n<p>4. Prepararse para futuros brotes<\/p>\n\n\n\n<p>5. Trabajar con las comunidades<\/p>\n\n\n\n<p>6. Ajustar las medidas de viaje al riesgo<\/p>\n\n\n\n<p>7. Apoyar la investigaci\u00f3n para mejorar las vacunas y la condici\u00f3n posterior a la COVID-19.<\/p>\n\n\n\n<p><a href=\"https:\/\/ktechproduccion.net\/diariosalud.com\/oms-advierte-de-las-40-mil-personas-mueren-semanalmente-de-covid19-la-mitad-de-estas-son-en-china\/\">Mira la advertencia de la OMS sobre las 40 mil personas que mueren semanalmente de COVID19. <\/a><\/p>\n","protected":false},"excerpt":{"rendered":"<p>Seg\u00fan el Comit\u00e9 de Emergencias del Reglamento Sanitario Internacional (RSI &#8211; 2005) sobre la pandemia de enfermedad por el coronavirus de 2019 (COVID-19), la pandemia sigue constituyendo una emergencia de salud p\u00fablica de importancia internacional. El doctor y director general de la OMS, Tedros Adhanom Ghebreyesus, dice estar de acuerdo con el asesoramiento ofrecido por [&hellip;]<\/p>\n","protected":false},"author":18,"featured_media":26252,"comment_status":"closed","ping_status":"closed","sticky":false,"template":"","format":"standard","meta":{"_acf_changed":false,"footnotes":""},"categories":[551],"tags":[2116,366,352],"class_list":["post-33739","post","type-post","status-publish","format-standard","has-post-thumbnail","hentry","category-noticias","tag-actualizaciones","tag-covid-19","tag-oms"],"acf":[],"_links":{"self":[{"href":"https:\/\/ktechproduccion.net\/diariosalud.com\/wp-json\/wp\/v2\/posts\/33739","targetHints":{"allow":["GET"]}}],"collection":[{"href":"https:\/\/ktechproduccion.net\/diariosalud.com\/wp-json\/wp\/v2\/posts"}],"about":[{"href":"https:\/\/ktechproduccion.net\/diariosalud.com\/wp-json\/wp\/v2\/types\/post"}],"author":[{"embeddable":true,"href":"https:\/\/ktechproduccion.net\/diariosalud.com\/wp-json\/wp\/v2\/users\/18"}],"replies":[{"embeddable":true,"href":"https:\/\/ktechproduccion.net\/diariosalud.com\/wp-json\/wp\/v2\/comments?post=33739"}],"version-history":[{"count":0,"href":"https:\/\/ktechproduccion.net\/diariosalud.com\/wp-json\/wp\/v2\/posts\/33739\/revisions"}],"wp:featuredmedia":[{"embeddable":true,"href":"https:\/\/ktechproduccion.net\/diariosalud.com\/wp-json\/wp\/v2\/media\/26252"}],"wp:attachment":[{"href":"https:\/\/ktechproduccion.net\/diariosalud.com\/wp-json\/wp\/v2\/media?parent=33739"}],"wp:term":[{"taxonomy":"category","embeddable":true,"href":"https:\/\/ktechproduccion.net\/diariosalud.com\/wp-json\/wp\/v2\/categories?post=33739"},{"taxonomy":"post_tag","embeddable":true,"href":"https:\/\/ktechproduccion.net\/diariosalud.com\/wp-json\/wp\/v2\/tags?post=33739"}],"curies":[{"name":"wp","href":"https:\/\/api.w.org\/{rel}","templated":true}]}}