{"id":33732,"date":"2023-01-24T18:01:30","date_gmt":"2023-01-24T22:01:30","guid":{"rendered":"https:\/\/diariosalud.com\/uncategorized\/alertan-gobiernos-centroamericanos-y-del-caribe-deberan-ser-mas-eficientes-en-la-inversion-en-salud\/"},"modified":"2023-01-24T18:01:30","modified_gmt":"2023-01-24T22:01:30","slug":"alertan-gobiernos-centroamericanos-y-del-caribe-deberan-ser-mas-eficientes-en-la-inversion-en-salud","status":"publish","type":"post","link":"https:\/\/ktechproduccion.net\/diariosalud.com\/alertan-gobiernos-centroamericanos-y-del-caribe-deberan-ser-mas-eficientes-en-la-inversion-en-salud\/","title":{"rendered":"Alertan Gobiernos Centroamericanos y del Caribe deber\u00e1n ser m\u00e1s eficientes en la inversi\u00f3n en salud"},"content":{"rendered":"\n<p>La <strong>Federaci\u00f3n Centroamericana y del Caribe de Laboratorios Farmac\u00e9uticos (Fedefarma)<\/strong> ha alertado sobre las <strong>debilidades que afectan a la sostenibilidad de los sistemas de salud<\/strong> en la regi\u00f3n y ha pedido a los Gobiernos que inviertan m\u00e1s y de manera m\u00e1s eficiente en salud.\u00a0<\/p>\n\n\n\n<p>Seg\u00fan <strong>Victoria Brenes<\/strong>, Directora Ejecutiva de Fedefarma, el principal problema es que, <strong>cuanto menor es el presupuesto de un pa\u00eds para la salud p\u00fablica, menor es el acceso que tienen sus ciudadanos a mejores terapias, afectando directamente su calidad de vida.<\/strong><\/p>\n\n\n\n<p>Fedefarma ha se\u00f1alado que para <strong>asegurar la eficiencia de la inversi\u00f3n en salud<\/strong>, primero se deben <strong>identificar los problemas sanitarios de cada pa\u00eds<\/strong>, con el fin de dar una <strong>respuesta concreta y estrat\u00e9gica<\/strong>. <\/p>\n\n\n\n<p>Un m\u00e9todo que ha demostrado ser eficaz es la <strong>implementaci\u00f3n de los estudios de farmacoeconom\u00eda y la <\/strong>evaluaci\u00f3n de las tecnolog\u00edas sanitarias.<\/p>\n\n\n\n<p>La <strong>OCDE y el Banco Mundial<\/strong> han se\u00f1alado que <strong>s\u00f3lo 5 pa\u00edses de la regi\u00f3n<\/strong> utilizan la <strong>evaluaci\u00f3n de tecnolog\u00edas sanitarias para tomar decisiones sobre la cobertura de los servicios de salud y la pol\u00edtica p\u00fablica. <\/strong><\/p>\n\n\n\n<p>Fedefarma ha afirmado que invertir en salud es invertir en bienestar, calidad de vida, productividad y desarrollo, por lo que hacer uso de las tecnolog\u00edas e implementar las buenas pr\u00e1cticas que han tenido \u00e9xito en otras regiones, traer\u00e1 un beneficio econ\u00f3mico para los pa\u00edses.<\/p>\n","protected":false},"excerpt":{"rendered":"<p>La Federaci\u00f3n Centroamericana y del Caribe de Laboratorios Farmac\u00e9uticos (Fedefarma) ha alertado sobre las debilidades que afectan a la sostenibilidad de los sistemas de salud en la regi\u00f3n y ha pedido a los Gobiernos que inviertan m\u00e1s y de manera m\u00e1s eficiente en salud.\u00a0 Seg\u00fan Victoria Brenes, Directora Ejecutiva de Fedefarma, el principal problema es [&hellip;]<\/p>\n","protected":false},"author":18,"featured_media":23944,"comment_status":"closed","ping_status":"closed","sticky":false,"template":"","format":"standard","meta":{"_acf_changed":false,"footnotes":""},"categories":[551],"tags":[1851,1790,173,854,663],"class_list":["post-33732","post","type-post","status-publish","format-standard","has-post-thumbnail","hentry","category-noticias","tag-caribe","tag-centroamerica","tag-fedefarma","tag-inversion-en-salud","tag-tecnologias-en-salud"],"acf":[],"_links":{"self":[{"href":"https:\/\/ktechproduccion.net\/diariosalud.com\/wp-json\/wp\/v2\/posts\/33732","targetHints":{"allow":["GET"]}}],"collection":[{"href":"https:\/\/ktechproduccion.net\/diariosalud.com\/wp-json\/wp\/v2\/posts"}],"about":[{"href":"https:\/\/ktechproduccion.net\/diariosalud.com\/wp-json\/wp\/v2\/types\/post"}],"author":[{"embeddable":true,"href":"https:\/\/ktechproduccion.net\/diariosalud.com\/wp-json\/wp\/v2\/users\/18"}],"replies":[{"embeddable":true,"href":"https:\/\/ktechproduccion.net\/diariosalud.com\/wp-json\/wp\/v2\/comments?post=33732"}],"version-history":[{"count":0,"href":"https:\/\/ktechproduccion.net\/diariosalud.com\/wp-json\/wp\/v2\/posts\/33732\/revisions"}],"wp:featuredmedia":[{"embeddable":true,"href":"https:\/\/ktechproduccion.net\/diariosalud.com\/wp-json\/wp\/v2\/media\/23944"}],"wp:attachment":[{"href":"https:\/\/ktechproduccion.net\/diariosalud.com\/wp-json\/wp\/v2\/media?parent=33732"}],"wp:term":[{"taxonomy":"category","embeddable":true,"href":"https:\/\/ktechproduccion.net\/diariosalud.com\/wp-json\/wp\/v2\/categories?post=33732"},{"taxonomy":"post_tag","embeddable":true,"href":"https:\/\/ktechproduccion.net\/diariosalud.com\/wp-json\/wp\/v2\/tags?post=33732"}],"curies":[{"name":"wp","href":"https:\/\/api.w.org\/{rel}","templated":true}]}}