{"id":33723,"date":"2023-01-16T17:25:08","date_gmt":"2023-01-16T21:25:08","guid":{"rendered":"https:\/\/diariosalud.com\/uncategorized\/america-latina-y-el-caribe-recibiran-mas-apoyo-economico-en-vacunas-contra-covid-19\/"},"modified":"2023-01-16T17:25:08","modified_gmt":"2023-01-16T21:25:08","slug":"america-latina-y-el-caribe-recibiran-mas-apoyo-economico-en-vacunas-contra-covid-19","status":"publish","type":"post","link":"https:\/\/ktechproduccion.net\/diariosalud.com\/america-latina-y-el-caribe-recibiran-mas-apoyo-economico-en-vacunas-contra-covid-19\/","title":{"rendered":"Am\u00e9rica Latina y el Caribe recibir\u00e1n m\u00e1s apoyo econ\u00f3mico en 2023 para vacunas contra COVID-19"},"content":{"rendered":"\n<p><em>La <strong>OPS<\/strong> anunci\u00f3 que \u00abcasi un tercio de los nuevos fondos se destinar\u00e1n a intervenciones nacionales en Colombia, Hait\u00ed y Jamaica\u00bb.<\/em><\/p>\n\n\n\n<p>El <strong>Gobierno de Canad\u00e1<\/strong> y la <strong>Organizaci\u00f3n Panamericana de la Salud (OPS)<\/strong> ampliar\u00e1n su colaboraci\u00f3n para aumentar el acceso a las <strong>vacunas contra la COVID-19<\/strong> en Am\u00e9rica Latina y el Caribe.<\/p>\n\n\n\n<p>Por lo que <strong>Canad\u00e1<\/strong> proporcionar\u00e1 <strong>45 millones de d\u00f3lares canadienses<\/strong> ( equivalente a <strong>33,4 millones de d\u00f3lares estadounidenses<\/strong>), para apoyar la respuesta de la OPS a la pandemia. <\/p>\n\n\n\n<p>Explicaron que esta contribuci\u00f3n se suma a otra anterior de 50 millones de d\u00f3lares canadienses ( aproximadamente 40 millones de d\u00f3lares estadounidenses) realizada en <strong>mayo de 2021<\/strong>. <\/p>\n\n\n\n<figure class=\"wp-block-image size-full\"><img decoding=\"async\" src=\"https:\/\/ktechproduccion.net\/diariosalud.com\/wp-content\/uploads\/2023\/01\/Colaborador-10.jpg\" alt=\"\" class=\"wp-image-55770\"\/><figcaption><em><strong> <\/strong>OPS y Canad\u00e1 intensifican esfuerzos para llevar vacunas contra COVID-19 a poblaciones en situaci\u00f3n de vulnerabilidad en Am\u00e9rica Latina y el Caribe. <\/em>&#8211;<strong>Fotograf\u00eda de OPS.<\/strong><\/figcaption><\/figure>\n\n\n\n<p class=\"has-text-align-center\" style=\"font-size:29px\"><em><strong>\u201cLa pandemia no ha terminado. El mes pasado, la Regi\u00f3n de las Am\u00e9ricas report\u00f3 m\u00e1s de 3,6 millones de nuevos casos de COVID-19 y 18 mil nuevas muertes, un aumento del 42% y 28% de casos y muertes, respectivamente\u201d, dijo Ciro Ugarte, director de Emergencias en Salud de la OPS.<\/strong><\/em><\/p>\n\n\n\n<p>Informaron adem\u00e1s trav\u00e9s de este <a href=\"https:\/\/www.paho.org\/es\/noticias\/13-1-2023-ops-canada-intensifican-esfuerzos-para-llevar-vacunas-contra-covid-19\">comunicado<\/a> que, apoyar\u00e1n la implementaci\u00f3n de <strong>sistemas de informaci\u00f3n y plataformas digitales<\/strong> para la vigilancia de la vacuna contra la COVID-19 y trabajar\u00e1n en iniciativas de investigaci\u00f3n para generar evidencia sobre la percepci\u00f3n y aceptaci\u00f3n de las vacunas, entre otras. <\/p>\n\n\n\n<p><strong>OPS<\/strong> y <strong>Canad\u00e1<\/strong> tambi\u00e9n han colaborado con <strong>22 pa\u00edses<\/strong> en el fortalecimiento de su capacidad de cadena de fr\u00edo para administrar y distribuir de manera segura las vacunas, inversi\u00f3n que representa -a largo plazo &#8211; una mejora a los programas regulares de inmunizaci\u00f3n y que a la vez fortalecer\u00e1 los sistemas de salud. <a href=\"https:\/\/ktechproduccion.net\/diariosalud.com\/como-lograr-mejor-accesibilidad-de-las-vacunas-expertos-lo-explican\/\">Expertos explican c\u00f3mo lograr mejor accesibilidad de las vacunas. <\/a><\/p>\n","protected":false},"excerpt":{"rendered":"<p>La OPS anunci\u00f3 que \u00abcasi un tercio de los nuevos fondos se destinar\u00e1n a intervenciones nacionales en Colombia, Hait\u00ed y Jamaica\u00bb. El Gobierno de Canad\u00e1 y la Organizaci\u00f3n Panamericana de la Salud (OPS) ampliar\u00e1n su colaboraci\u00f3n para aumentar el acceso a las vacunas contra la COVID-19 en Am\u00e9rica Latina y el Caribe. Por lo que [&hellip;]<\/p>\n","protected":false},"author":18,"featured_media":26230,"comment_status":"closed","ping_status":"closed","sticky":false,"template":"","format":"standard","meta":{"_acf_changed":false,"footnotes":""},"categories":[551],"tags":[127,1618,772],"class_list":["post-33723","post","type-post","status-publish","format-standard","has-post-thumbnail","hentry","category-noticias","tag-covid19","tag-inmunizacion","tag-ops"],"acf":[],"_links":{"self":[{"href":"https:\/\/ktechproduccion.net\/diariosalud.com\/wp-json\/wp\/v2\/posts\/33723","targetHints":{"allow":["GET"]}}],"collection":[{"href":"https:\/\/ktechproduccion.net\/diariosalud.com\/wp-json\/wp\/v2\/posts"}],"about":[{"href":"https:\/\/ktechproduccion.net\/diariosalud.com\/wp-json\/wp\/v2\/types\/post"}],"author":[{"embeddable":true,"href":"https:\/\/ktechproduccion.net\/diariosalud.com\/wp-json\/wp\/v2\/users\/18"}],"replies":[{"embeddable":true,"href":"https:\/\/ktechproduccion.net\/diariosalud.com\/wp-json\/wp\/v2\/comments?post=33723"}],"version-history":[{"count":0,"href":"https:\/\/ktechproduccion.net\/diariosalud.com\/wp-json\/wp\/v2\/posts\/33723\/revisions"}],"wp:featuredmedia":[{"embeddable":true,"href":"https:\/\/ktechproduccion.net\/diariosalud.com\/wp-json\/wp\/v2\/media\/26230"}],"wp:attachment":[{"href":"https:\/\/ktechproduccion.net\/diariosalud.com\/wp-json\/wp\/v2\/media?parent=33723"}],"wp:term":[{"taxonomy":"category","embeddable":true,"href":"https:\/\/ktechproduccion.net\/diariosalud.com\/wp-json\/wp\/v2\/categories?post=33723"},{"taxonomy":"post_tag","embeddable":true,"href":"https:\/\/ktechproduccion.net\/diariosalud.com\/wp-json\/wp\/v2\/tags?post=33723"}],"curies":[{"name":"wp","href":"https:\/\/api.w.org\/{rel}","templated":true}]}}