{"id":33721,"date":"2023-01-13T12:06:48","date_gmt":"2023-01-13T16:06:48","guid":{"rendered":"https:\/\/diariosalud.com\/uncategorized\/depresion-problema-de-salud-global-que-afecta-a-millones-de-personas\/"},"modified":"2023-01-13T12:06:48","modified_gmt":"2023-01-13T16:06:48","slug":"depresion-problema-de-salud-global-que-afecta-a-millones-de-personas","status":"publish","type":"post","link":"https:\/\/ktechproduccion.net\/diariosalud.com\/depresion-problema-de-salud-global-que-afecta-a-millones-de-personas\/","title":{"rendered":"Depresi\u00f3n: problema de salud global que afecta a millones de personas"},"content":{"rendered":"\n<p>Por la licenciada Ana Amell, psic\u00f3loga cl\u00ednica, M. A., psicolog\u00eda Cl\u00ednica y de la Salud <\/p>\n\n\n\n<p>El <strong>D\u00eda Mundial de la Lucha\u00a0 contra la Depresi\u00f3n<\/strong> se conmemora cada a\u00f1o el 13 de enero para concientizar a la poblaci\u00f3n sobre la importancia de la lucha contra esta enfermedad mental. La depresi\u00f3n es una de las<strong> enfermedades mentales m\u00e1s comunes en el mundo<\/strong>, afectando a millones de personas en todos los pa\u00edses.<\/p>\n\n\n\n<p>La depresi\u00f3n puede manifestarse de diversas maneras, como <strong>tristeza profunda, p\u00e9rdida de inter\u00e9s en las actividades cotidianas, cambios en el apetito y el sue\u00f1o, dificultad para concentrarse, y pensamientos negativos<\/strong>. A menudo, la depresi\u00f3n se asocia con un mayor riesgo de suicidio, lo que la convierte en un problema de salud p\u00fablica.<\/p>\n\n\n\n<p>La lucha contra la depresi\u00f3n es esencial para <strong>mejorar la calidad de vida de las personas afectadas<\/strong> y prevenir suicidios. Existen varios tratamientos eficaces disponibles para tratar la depresi\u00f3n, como la terapia cognitivo-conductual, la terapia interpersonal y los medicamentos antidepresivos. Es importante que las <strong>personas afectadas busquen ayuda y reciban tratamiento<\/strong>.<\/p>\n\n\n\n<p>Adem\u00e1s de tratar a las personas afectadas, es importante prevenir la depresi\u00f3n mediante la<strong> promoci\u00f3n de estilos de vida saludables, como una dieta equilibrada, ejercicio regular y suficiente sue\u00f1o<\/strong>. Tambi\u00e9n es importante fomentar una <strong>cultura de apoyo en la comunidad <\/strong>para que las personas se sientan c\u00f3modas hablando de sus problemas de salud mental y buscando ayuda.<\/p>\n","protected":false},"excerpt":{"rendered":"<p>Por la licenciada Ana Amell, psic\u00f3loga cl\u00ednica, M. A., psicolog\u00eda Cl\u00ednica y de la Salud El D\u00eda Mundial de la Lucha\u00a0 contra la Depresi\u00f3n se conmemora cada a\u00f1o el 13 de enero para concientizar a la poblaci\u00f3n sobre la importancia de la lucha contra esta enfermedad mental. La depresi\u00f3n es una de las enfermedades mentales [&hellip;]<\/p>\n","protected":false},"author":18,"featured_media":26339,"comment_status":"closed","ping_status":"closed","sticky":false,"template":"","format":"standard","meta":{"_acf_changed":false,"footnotes":""},"categories":[551],"tags":[246,1548,113],"class_list":["post-33721","post","type-post","status-publish","format-standard","has-post-thumbnail","hentry","category-noticias","tag-depresion","tag-habitos-saludables","tag-salud-mental"],"acf":[],"_links":{"self":[{"href":"https:\/\/ktechproduccion.net\/diariosalud.com\/wp-json\/wp\/v2\/posts\/33721","targetHints":{"allow":["GET"]}}],"collection":[{"href":"https:\/\/ktechproduccion.net\/diariosalud.com\/wp-json\/wp\/v2\/posts"}],"about":[{"href":"https:\/\/ktechproduccion.net\/diariosalud.com\/wp-json\/wp\/v2\/types\/post"}],"author":[{"embeddable":true,"href":"https:\/\/ktechproduccion.net\/diariosalud.com\/wp-json\/wp\/v2\/users\/18"}],"replies":[{"embeddable":true,"href":"https:\/\/ktechproduccion.net\/diariosalud.com\/wp-json\/wp\/v2\/comments?post=33721"}],"version-history":[{"count":0,"href":"https:\/\/ktechproduccion.net\/diariosalud.com\/wp-json\/wp\/v2\/posts\/33721\/revisions"}],"wp:featuredmedia":[{"embeddable":true,"href":"https:\/\/ktechproduccion.net\/diariosalud.com\/wp-json\/wp\/v2\/media\/26339"}],"wp:attachment":[{"href":"https:\/\/ktechproduccion.net\/diariosalud.com\/wp-json\/wp\/v2\/media?parent=33721"}],"wp:term":[{"taxonomy":"category","embeddable":true,"href":"https:\/\/ktechproduccion.net\/diariosalud.com\/wp-json\/wp\/v2\/categories?post=33721"},{"taxonomy":"post_tag","embeddable":true,"href":"https:\/\/ktechproduccion.net\/diariosalud.com\/wp-json\/wp\/v2\/tags?post=33721"}],"curies":[{"name":"wp","href":"https:\/\/api.w.org\/{rel}","templated":true}]}}