{"id":33716,"date":"2023-01-11T17:59:42","date_gmt":"2023-01-11T21:59:42","guid":{"rendered":"https:\/\/diariosalud.com\/uncategorized\/boliviano-carlos-murillo-es-designado-como-presidente-de-pfizer-espana\/"},"modified":"2023-01-11T17:59:42","modified_gmt":"2023-01-11T21:59:42","slug":"boliviano-carlos-murillo-es-designado-como-presidente-de-pfizer-espana","status":"publish","type":"post","link":"https:\/\/ktechproduccion.net\/diariosalud.com\/boliviano-carlos-murillo-es-designado-como-presidente-de-pfizer-espana\/","title":{"rendered":"Boliviano Carlos Murillo es designado como presidente de Pfizer Espa\u00f1a"},"content":{"rendered":"\n<p>La <strong>compa\u00f1\u00eda biom\u00e9dica Pfizer<\/strong> l\u00edder a nivel mundial, ha anunciado en un comunicado, el nombramiento de <strong>Carlos Murillo<\/strong> como nuevo presidente de <strong>Pfizer Espa\u00f1a<\/strong>. Este nuevo cargo, creado en los principales mercados del mundo, <strong>forma parte de un proceso de cambios en la estructura interna llevado a cabo por la compa\u00f1\u00eda a finales de 2022<\/strong>.<\/p>\n\n\n\n<p><strong>Carlos Murillo<\/strong>, quien cuenta con <strong>m\u00e1s de 17 a\u00f1os de experiencia<\/strong> en Pfizer y ha ocupado distintos puestos directivos en el pasado, incluyendo presidente regional para Pfizer Latinoam\u00e9rica y country manager para Pfizer Brasil y Chile, <strong>asumir\u00e1 esta nueva posici\u00f3n en enero de 2023<\/strong>.<\/p>\n\n\n\n<p>En su nuevo cargo, <strong>Carlos Murillo<\/strong> estar\u00e1 a cargo de <strong>consolidar todas las \u00e1reas de negocio de Pfizer Espa\u00f1a bajo una sola l\u00ednea de mando<\/strong>, lo que permitir\u00e1 seguir trabajando en la excelente labor que ya se realiza en Espa\u00f1a, con una clara apuesta por la innovaci\u00f3n sostenible. Con esta nueva estructura organizativa, <strong>la compa\u00f1\u00eda busca mejorar su interacci\u00f3n con los profesionales sanitarios y pacientes para dar respuesta a sus necesidades y alcanzar su prop\u00f3sito: innovaciones que cambien la vida de los pacientes.<\/strong><\/p>\n\n\n\n<p>Con el cambio en la organizaci\u00f3n, las unidades de <strong>Oncolog\u00eda, Hospitales, Inflamaci\u00f3n &amp; Inmunolog\u00eda, Medicina Interna &amp; Vacunas, Enfermedades Raras y COVID-19<\/strong>, pasar\u00e1n a depender de la figura del presidente del pa\u00eds, junto con el \u00e1rea de <strong>Health&amp;Value y las plataformas comerciales<\/strong>. <strong>Sergio Rodr\u00edguez<\/strong> ser\u00e1 responsable de dirigir la <strong>nueva unidad dedicada \u00edntegramente a la prevenci\u00f3n y tratamiento del Covid-19, adem\u00e1s de continuar como presidente de la Fundaci\u00f3n Pfizer<\/strong>.<\/p>\n","protected":false},"excerpt":{"rendered":"<p>La compa\u00f1\u00eda biom\u00e9dica Pfizer l\u00edder a nivel mundial, ha anunciado en un comunicado, el nombramiento de Carlos Murillo como nuevo presidente de Pfizer Espa\u00f1a. Este nuevo cargo, creado en los principales mercados del mundo, forma parte de un proceso de cambios en la estructura interna llevado a cabo por la compa\u00f1\u00eda a finales de 2022. [&hellip;]<\/p>\n","protected":false},"author":18,"featured_media":26332,"comment_status":"closed","ping_status":"closed","sticky":false,"template":"","format":"standard","meta":{"_acf_changed":false,"footnotes":""},"categories":[551],"tags":[2249,218,2250,2251,317],"class_list":["post-33716","post","type-post","status-publish","format-standard","has-post-thumbnail","hentry","category-noticias","tag-carlos-murillo","tag-oncologia","tag-pfizer-latinoamerica","tag-pifzer-espana","tag-vacunas"],"acf":[],"_links":{"self":[{"href":"https:\/\/ktechproduccion.net\/diariosalud.com\/wp-json\/wp\/v2\/posts\/33716","targetHints":{"allow":["GET"]}}],"collection":[{"href":"https:\/\/ktechproduccion.net\/diariosalud.com\/wp-json\/wp\/v2\/posts"}],"about":[{"href":"https:\/\/ktechproduccion.net\/diariosalud.com\/wp-json\/wp\/v2\/types\/post"}],"author":[{"embeddable":true,"href":"https:\/\/ktechproduccion.net\/diariosalud.com\/wp-json\/wp\/v2\/users\/18"}],"replies":[{"embeddable":true,"href":"https:\/\/ktechproduccion.net\/diariosalud.com\/wp-json\/wp\/v2\/comments?post=33716"}],"version-history":[{"count":0,"href":"https:\/\/ktechproduccion.net\/diariosalud.com\/wp-json\/wp\/v2\/posts\/33716\/revisions"}],"wp:featuredmedia":[{"embeddable":true,"href":"https:\/\/ktechproduccion.net\/diariosalud.com\/wp-json\/wp\/v2\/media\/26332"}],"wp:attachment":[{"href":"https:\/\/ktechproduccion.net\/diariosalud.com\/wp-json\/wp\/v2\/media?parent=33716"}],"wp:term":[{"taxonomy":"category","embeddable":true,"href":"https:\/\/ktechproduccion.net\/diariosalud.com\/wp-json\/wp\/v2\/categories?post=33716"},{"taxonomy":"post_tag","embeddable":true,"href":"https:\/\/ktechproduccion.net\/diariosalud.com\/wp-json\/wp\/v2\/tags?post=33716"}],"curies":[{"name":"wp","href":"https:\/\/api.w.org\/{rel}","templated":true}]}}