{"id":33696,"date":"2022-12-28T17:04:01","date_gmt":"2022-12-28T21:04:01","guid":{"rendered":"https:\/\/diariosalud.com\/uncategorized\/oms-realizara-evento-sobre-gestion-de-la-infodemia\/"},"modified":"2022-12-28T17:04:01","modified_gmt":"2022-12-28T21:04:01","slug":"oms-realizara-evento-sobre-gestion-de-la-infodemia","status":"publish","type":"post","link":"https:\/\/ktechproduccion.net\/diariosalud.com\/oms-realizara-evento-sobre-gestion-de-la-infodemia\/","title":{"rendered":"OMS realizar\u00e1 evento sobre gesti\u00f3n de la infodemia"},"content":{"rendered":"\n<p>La infodemia ha afectado de manera personal y profesional a los profesionales de la salud y ha cambiado la forma en que los sistemas de salud han respondido a la pandemia del COVID-19. El <strong>26 de enero de 2023<\/strong>, estar\u00e1n present\u00e1ndose tres Jefes de Infodemias donde contar\u00e1n sus propias experiencias personales sobre el manejo de la Infodemia durante la \u00e9poca del COVID-19.<\/p>\n\n\n\n<p>M\u00e1s detalles <a href=\"https:\/\/www.who.int\/es\/news-room\/events\/detail\/2023\/01\/26\/default-calendar\/infodemic-management-live!-online-storytelling-event\" target=\"_blank\" rel=\"noreferrer noopener\">aqu\u00ed<\/a>.<\/p>\n","protected":false},"excerpt":{"rendered":"<p>La infodemia ha afectado de manera personal y profesional a los profesionales de la salud y ha cambiado la forma en que los sistemas de salud han respondido a la pandemia del COVID-19. El 26 de enero de 2023, estar\u00e1n present\u00e1ndose tres Jefes de Infodemias donde contar\u00e1n sus propias experiencias personales sobre el manejo de [&hellip;]<\/p>\n","protected":false},"author":18,"featured_media":26298,"comment_status":"closed","ping_status":"closed","sticky":false,"template":"","format":"standard","meta":{"_acf_changed":false,"footnotes":""},"categories":[551],"tags":[366,1599,352,1569],"class_list":["post-33696","post","type-post","status-publish","format-standard","has-post-thumbnail","hentry","category-noticias","tag-covid-19","tag-infodemia","tag-oms","tag-profesionales-de-la-salud"],"acf":[],"_links":{"self":[{"href":"https:\/\/ktechproduccion.net\/diariosalud.com\/wp-json\/wp\/v2\/posts\/33696","targetHints":{"allow":["GET"]}}],"collection":[{"href":"https:\/\/ktechproduccion.net\/diariosalud.com\/wp-json\/wp\/v2\/posts"}],"about":[{"href":"https:\/\/ktechproduccion.net\/diariosalud.com\/wp-json\/wp\/v2\/types\/post"}],"author":[{"embeddable":true,"href":"https:\/\/ktechproduccion.net\/diariosalud.com\/wp-json\/wp\/v2\/users\/18"}],"replies":[{"embeddable":true,"href":"https:\/\/ktechproduccion.net\/diariosalud.com\/wp-json\/wp\/v2\/comments?post=33696"}],"version-history":[{"count":0,"href":"https:\/\/ktechproduccion.net\/diariosalud.com\/wp-json\/wp\/v2\/posts\/33696\/revisions"}],"wp:featuredmedia":[{"embeddable":true,"href":"https:\/\/ktechproduccion.net\/diariosalud.com\/wp-json\/wp\/v2\/media\/26298"}],"wp:attachment":[{"href":"https:\/\/ktechproduccion.net\/diariosalud.com\/wp-json\/wp\/v2\/media?parent=33696"}],"wp:term":[{"taxonomy":"category","embeddable":true,"href":"https:\/\/ktechproduccion.net\/diariosalud.com\/wp-json\/wp\/v2\/categories?post=33696"},{"taxonomy":"post_tag","embeddable":true,"href":"https:\/\/ktechproduccion.net\/diariosalud.com\/wp-json\/wp\/v2\/tags?post=33696"}],"curies":[{"name":"wp","href":"https:\/\/api.w.org\/{rel}","templated":true}]}}