{"id":33694,"date":"2022-12-28T16:43:05","date_gmt":"2022-12-28T20:43:05","guid":{"rendered":"https:\/\/diariosalud.com\/uncategorized\/niveles-bajos-vitamina-d-se-podrian-asociar-a-un-mayor-riesgo-de-cancer-de-mama\/"},"modified":"2022-12-28T16:43:05","modified_gmt":"2022-12-28T20:43:05","slug":"niveles-bajos-vitamina-d-se-podrian-asociar-a-un-mayor-riesgo-de-cancer-de-mama","status":"publish","type":"post","link":"https:\/\/ktechproduccion.net\/diariosalud.com\/niveles-bajos-vitamina-d-se-podrian-asociar-a-un-mayor-riesgo-de-cancer-de-mama\/","title":{"rendered":"Niveles bajos vitamina D se podr\u00edan asociar a un mayor riesgo de c\u00e1ncer de mama"},"content":{"rendered":"\n<p>La <strong>Sociedad Espa\u00f1ola de Senolog\u00eda y Patolog\u00eda Mamaria (SESPM)<\/strong>, con la colaboraci\u00f3n de Faes Farma, ha presentado <strong>\u201cEstilo de vida y c\u00e1ncer de mama. Actuaciones antes, durante y despu\u00e9s del tratamiento\u201d<\/strong>, una publicaci\u00f3n que recoge las recomendaciones m\u00e1s actuales relacionadas con esta enfermedad.<\/p>\n\n\n\n<p>La <strong>vitamina D y el c\u00e1ncer mantienen una estrecha vinculaci\u00f3n<\/strong>. Distintos estudios epidemiol\u00f3gicos han mostrado que en zonas con mayor exposici\u00f3n a los rayos UVB existe una menor incidencia y mortalidad en hasta 13 tipos de c\u00e1ncer, entre ellos, mama, colon, ovario y pr\u00f3stata.<\/p>\n\n\n\n<p>Se ha observado hasta un <strong>82% menos de incidencia<\/strong> de c\u00e1ncer de mama en el seguimiento prospectivo de hasta 4 a\u00f1os en las mujeres con valores de 25(OH)D \u226560 ng\/ml respecto a aquellas con valores por debajo de 20 ng\/ml.<\/p>\n\n\n\n<p>Se trata de un <strong>completo monogr\u00e1fico actualizado<\/strong> con las \u00faltimas recomendaciones promovidas por esta sociedad m\u00e9dica en una importante variedad de temas relativos al c\u00e1ncer de mama. Uno de estos temas hace referencia a la relaci\u00f3n existente entre vitamina D (tambi\u00e9n llamada hormona D) y este tipo de patolog\u00eda oncol\u00f3gica.<\/p>\n\n\n\n<p>Respecto a este \u00faltimo punto, el doctor <strong>Jos\u00e9 Luis Neyro<\/strong>, miembro de la Academia de Ciencias M\u00e9dicas de Bilbao y consultor senior de Ginecolog\u00eda y Obstetricia del Hospital Universitario Cruces de Bilbao, explica: \u201cSe han desarrollado diversas investigaciones epidemiol\u00f3gicas que relacionan los niveles de la hormona D con el riesgo de aparici\u00f3n del c\u00e1ncer de mama, siendo este el de mayor prevalencia en las mujeres y se ha llegado a considerar que hasta <strong>1 de cada 8<\/strong> podr\u00e1 desarrollar este <strong>tumor maligno a lo largo de su vida.<\/strong><\/p>\n\n\n\n<p>Cuando hablamos de <strong>vitamina D<\/strong>, sus efectos sobre el tejido \u00f3seo son los m\u00e1s conocidos. Pero cabe destacar que la <strong>vitamina D<\/strong> es en realidad un complejo sistema hormonal que ejerce su acci\u00f3n en pr\u00e1cticamente todos los \u00f3rganos y tejidos, ya que el receptor para la <strong>vitamina D<\/strong> (VDR) se halla en casi todas las c\u00e9lulas del organismo. <\/p>\n\n\n\n<p>La <strong>vitamina D<\/strong> presenta actividad a trav\u00e9s de la v\u00eda del receptor de la vitamina D (VDR) sobre las c\u00e9lulas tumorales y, de forma indirecta, regulando el comportamiento de las mismas. Espec\u00edficamente, cuando hablamos de c\u00e1ncer de mama, se ha observado que el receptor VDR parece ser importante para su progresi\u00f3n a met\u00e1stasis y que niveles bajos de 25-hidroxivitamina D podr\u00edan favorecer esta progresi\u00f3n.<\/p>\n\n\n\n<p>Concretamente, se ha observado hasta un <strong>82% menos<\/strong> de incidencia de esta patolog\u00eda de mama en el seguimiento prospectivo de hasta 4 a\u00f1os en las mujeres con valores de 25(OH)D3 \u2265 60 ng\/ml respecto a aquellas con valores por debajo de 20 ng\/ml2. En este sentido, los especialistas consideran el d\u00e9ficit de vitamina D como un factor modificable para el riesgo de c\u00e1ncer de mama.<\/p>\n\n\n\n<blockquote class=\"wp-block-quote is-style-large is-layout-flow wp-block-quote-is-layout-flow\"><p>En opini\u00f3n del doctor Neyro \u201cla determinaci\u00f3n de los niveles de 25(OH)D deber\u00edan formar parte inexcusable del estudio de cualquier mujer con c\u00e1ncer de mama y actuar, en consecuencia, en base a esos niveles, para suplementar en los casos necesarios y durante todo el tiempo que sea preciso. Al margen del c\u00e1ncer de mama, t\u00e9ngase en cuenta que, como sucede con otras hormonas esteroideas, su secreci\u00f3n va decreciendo de manera constante m\u00e1s all\u00e1 de los 40-50 a\u00f1os\u201d.<\/p><\/blockquote>\n","protected":false},"excerpt":{"rendered":"<p>La Sociedad Espa\u00f1ola de Senolog\u00eda y Patolog\u00eda Mamaria (SESPM), con la colaboraci\u00f3n de Faes Farma, ha presentado \u201cEstilo de vida y c\u00e1ncer de mama. Actuaciones antes, durante y despu\u00e9s del tratamiento\u201d, una publicaci\u00f3n que recoge las recomendaciones m\u00e1s actuales relacionadas con esta enfermedad. La vitamina D y el c\u00e1ncer mantienen una estrecha vinculaci\u00f3n. Distintos estudios [&hellip;]<\/p>\n","protected":false},"author":18,"featured_media":26295,"comment_status":"closed","ping_status":"closed","sticky":false,"template":"","format":"standard","meta":{"_acf_changed":false,"footnotes":""},"categories":[551],"tags":[758,2214,235,2215],"class_list":["post-33694","post","type-post","status-publish","format-standard","has-post-thumbnail","hentry","category-noticias","tag-cancer-de-mama","tag-estilo-de-vida","tag-investigacion","tag-vitamina-d"],"acf":[],"_links":{"self":[{"href":"https:\/\/ktechproduccion.net\/diariosalud.com\/wp-json\/wp\/v2\/posts\/33694","targetHints":{"allow":["GET"]}}],"collection":[{"href":"https:\/\/ktechproduccion.net\/diariosalud.com\/wp-json\/wp\/v2\/posts"}],"about":[{"href":"https:\/\/ktechproduccion.net\/diariosalud.com\/wp-json\/wp\/v2\/types\/post"}],"author":[{"embeddable":true,"href":"https:\/\/ktechproduccion.net\/diariosalud.com\/wp-json\/wp\/v2\/users\/18"}],"replies":[{"embeddable":true,"href":"https:\/\/ktechproduccion.net\/diariosalud.com\/wp-json\/wp\/v2\/comments?post=33694"}],"version-history":[{"count":0,"href":"https:\/\/ktechproduccion.net\/diariosalud.com\/wp-json\/wp\/v2\/posts\/33694\/revisions"}],"wp:featuredmedia":[{"embeddable":true,"href":"https:\/\/ktechproduccion.net\/diariosalud.com\/wp-json\/wp\/v2\/media\/26295"}],"wp:attachment":[{"href":"https:\/\/ktechproduccion.net\/diariosalud.com\/wp-json\/wp\/v2\/media?parent=33694"}],"wp:term":[{"taxonomy":"category","embeddable":true,"href":"https:\/\/ktechproduccion.net\/diariosalud.com\/wp-json\/wp\/v2\/categories?post=33694"},{"taxonomy":"post_tag","embeddable":true,"href":"https:\/\/ktechproduccion.net\/diariosalud.com\/wp-json\/wp\/v2\/tags?post=33694"}],"curies":[{"name":"wp","href":"https:\/\/api.w.org\/{rel}","templated":true}]}}