{"id":33680,"date":"2022-12-16T08:57:48","date_gmt":"2022-12-16T12:57:48","guid":{"rendered":"https:\/\/diariosalud.com\/uncategorized\/anuncian-apertura-convocatoria-presentaciones-conferencia-salud-publica-2023\/"},"modified":"2022-12-16T08:57:48","modified_gmt":"2022-12-16T12:57:48","slug":"anuncian-apertura-convocatoria-presentaciones-conferencia-salud-publica-2023","status":"publish","type":"post","link":"https:\/\/ktechproduccion.net\/diariosalud.com\/anuncian-apertura-convocatoria-presentaciones-conferencia-salud-publica-2023\/","title":{"rendered":"Anuncian apertura convocatoria presentaciones conferencia Salud P\u00fablica 2023"},"content":{"rendered":"\n<p>La <a href=\"https:\/\/www.cpha.ca\/\" target=\"_blank\" rel=\"noreferrer noopener\"><em>Asociaci\u00f3n Canadiense de Salud P\u00fablica<\/em><\/a>, apertur\u00f3 la convocatoria para todos los interesados que deseen participar en las presentaciones de la conferencia <strong>Salud P\u00fablica 2023 Virtual <\/strong>a efectuarse del 20 al 22 de junio del 2023.<\/p>\n\n\n\n<p>Esta <strong>conferencia est\u00e1 dirigida a los interesados en mejorar la salud y el bienestar de toda la poblaci\u00f3n<\/strong>. Public Health 2023 es el lugar de <strong>encuentro para una amplia gama de disciplinas y sectores, en varias etapas de carrera, todos luchando por un objetivo com\u00fan<\/strong>.\u00a0<\/p>\n\n\n\n<p>La conferencia puede ser de particular inter\u00e9s para:<strong> acad\u00e9micos e investigadores; estudiantes\/aprendices; formuladores de pol\u00edticas, administradores y gerentes; trabajadores de promoci\u00f3n de la salud; trabajadores de salud p\u00fablica de primera l\u00ednea; medios de comunicaci\u00f3n; personas que trabajan en comunidades urbanas, rurales, remotas y peque\u00f1as y cualquier persona interesada en la salud p\u00fablica<\/strong>.<\/p>\n\n\n\n<p>La fecha l\u00edmite para las presentaciones es el jueves <strong>12 de enero<\/strong>.<\/p>\n\n\n\n<p>M\u00e1s informaci\u00f3n <a href=\"https:\/\/www.cpha.ca\/publichealth2023\" target=\"_blank\" rel=\"noreferrer noopener\">aqu\u00ed<\/a>.<\/p>\n","protected":false},"excerpt":{"rendered":"<p>La Asociaci\u00f3n Canadiense de Salud P\u00fablica, apertur\u00f3 la convocatoria para todos los interesados que deseen participar en las presentaciones de la conferencia Salud P\u00fablica 2023 Virtual a efectuarse del 20 al 22 de junio del 2023. Esta conferencia est\u00e1 dirigida a los interesados en mejorar la salud y el bienestar de toda la poblaci\u00f3n. Public [&hellip;]<\/p>\n","protected":false},"author":18,"featured_media":26266,"comment_status":"closed","ping_status":"closed","sticky":false,"template":"","format":"standard","meta":{"_acf_changed":false,"footnotes":""},"categories":[551],"tags":[2191,840,235,279],"class_list":["post-33680","post","type-post","status-publish","format-standard","has-post-thumbnail","hentry","category-noticias","tag-academicos","tag-conferencias","tag-investigacion","tag-salud-publica"],"acf":[],"_links":{"self":[{"href":"https:\/\/ktechproduccion.net\/diariosalud.com\/wp-json\/wp\/v2\/posts\/33680","targetHints":{"allow":["GET"]}}],"collection":[{"href":"https:\/\/ktechproduccion.net\/diariosalud.com\/wp-json\/wp\/v2\/posts"}],"about":[{"href":"https:\/\/ktechproduccion.net\/diariosalud.com\/wp-json\/wp\/v2\/types\/post"}],"author":[{"embeddable":true,"href":"https:\/\/ktechproduccion.net\/diariosalud.com\/wp-json\/wp\/v2\/users\/18"}],"replies":[{"embeddable":true,"href":"https:\/\/ktechproduccion.net\/diariosalud.com\/wp-json\/wp\/v2\/comments?post=33680"}],"version-history":[{"count":0,"href":"https:\/\/ktechproduccion.net\/diariosalud.com\/wp-json\/wp\/v2\/posts\/33680\/revisions"}],"wp:featuredmedia":[{"embeddable":true,"href":"https:\/\/ktechproduccion.net\/diariosalud.com\/wp-json\/wp\/v2\/media\/26266"}],"wp:attachment":[{"href":"https:\/\/ktechproduccion.net\/diariosalud.com\/wp-json\/wp\/v2\/media?parent=33680"}],"wp:term":[{"taxonomy":"category","embeddable":true,"href":"https:\/\/ktechproduccion.net\/diariosalud.com\/wp-json\/wp\/v2\/categories?post=33680"},{"taxonomy":"post_tag","embeddable":true,"href":"https:\/\/ktechproduccion.net\/diariosalud.com\/wp-json\/wp\/v2\/tags?post=33680"}],"curies":[{"name":"wp","href":"https:\/\/api.w.org\/{rel}","templated":true}]}}