{"id":33675,"date":"2022-12-14T12:39:20","date_gmt":"2022-12-14T16:39:20","guid":{"rendered":"https:\/\/diariosalud.com\/uncategorized\/ops-pide-redoblar-esfuerzos-para-recuperar-logros-perdidos-en-salud\/"},"modified":"2022-12-14T12:39:20","modified_gmt":"2022-12-14T16:39:20","slug":"ops-pide-redoblar-esfuerzos-para-recuperar-logros-perdidos-en-salud","status":"publish","type":"post","link":"https:\/\/ktechproduccion.net\/diariosalud.com\/ops-pide-redoblar-esfuerzos-para-recuperar-logros-perdidos-en-salud\/","title":{"rendered":"OPS pide redoblar esfuerzos para recuperar logros perdidos en salud"},"content":{"rendered":"\n<p>La <strong>Directora de la Organizaci\u00f3n Panamericana de la Salud<\/strong> (OPS), doctora <strong>Carissa F. Etienne<\/strong>, llam\u00f3 a los <strong>pa\u00edses de las Am\u00e9ricas a redoblar los esfuerzos para lograr la salud universal<\/strong> mientras comienzan a recuperarse de la pandemia de COVID-19.<\/p>\n\n\n\n<p><em>\u00abEsta regi\u00f3n necesita actuar urgentemente para revertir las p\u00e9rdidas socioecon\u00f3micas y sanitarias causadas por la pandemia, hacer frente a la creciente carga de la atenci\u00f3n no brindada y recuperar los logros perdidos en materia de salud p\u00fablica\u00bb, extern\u00f3.<\/em><\/p>\n\n\n\n<p>La doctora\u00a0 Etienne habl\u00f3 en estos t\u00e9rminos al participar en un evento con motivo al\u00a0 <strong>D\u00eda de la Salud Universal<\/strong>, donde <strong>destac\u00f3 cuatro \u00e1reas prioritarias de actuaci\u00f3n: transformar los sistemas de salud bas\u00e1ndolos en la atenci\u00f3n primaria; reforzar el liderazgo y la gobernanza de los ministerios de Salud; mejorar las redes de prestaci\u00f3n de servicios; y aumentar y mantener la financiaci\u00f3n p\u00fablica en salud<\/strong>.<\/p>\n\n\n\n<p>Advirti\u00f3 que la <strong>\u00abventana de oportunidad para la acci\u00f3n es peque\u00f1a\u00bb<\/strong>, por lo que inst\u00f3 a los pa\u00edses a <strong>tomar medidas ahora para construir sistemas de salud que satisfagan las necesidades de la poblaci\u00f3n<\/strong>, sin dejar a nadie atr\u00e1s.\u00a0<\/p>\n\n\n\n<p>Esto es <strong>particularmente importante<\/strong> dadas las <strong>otras crisis que afronta la regi\u00f3n<\/strong>, como desastres naturales, inestabilidad pol\u00edtica y una ola de necesidades de salud insatisfechas generadas por la interrupci\u00f3n de los servicios de salud en los \u00faltimos a\u00f1os.<\/p>\n\n\n\n<blockquote class=\"wp-block-quote is-style-large is-layout-flow wp-block-quote-is-layout-flow\"><p>\u00abNo sabemos cu\u00e1ndo ni d\u00f3nde se producir\u00e1 la pr\u00f3xima emergencia de salud p\u00fablica de importancia internacional. Pero s\u00ed sabemos que tenemos la obligaci\u00f3n de actuar ahora, de fortalecer la preparaci\u00f3n y la capacidad de respuesta, y de ampliar el acceso y la cobertura de salud para todos\u00bb, afirm\u00f3.<\/p><\/blockquote>\n\n\n\n<p>El evento \u00abForjemos el mundo que queremos: un futuro saludable para todos y todas\u00bb, <strong>reuni\u00f3 a expertos de la OPS y de la Comisi\u00f3n Econ\u00f3mica para Am\u00e9rica Latina y el Caribe (CEPAL)<\/strong> y a ministros y altas autoridades de salud de la regi\u00f3n para debatir los pasos que deben dar los pa\u00edses hacia el <strong>acceso y la cobertura universal de salud y para prepararse mejor para la pr\u00f3xima emergencia sanitaria<\/strong>.<\/p>\n","protected":false},"excerpt":{"rendered":"<p>La Directora de la Organizaci\u00f3n Panamericana de la Salud (OPS), doctora Carissa F. Etienne, llam\u00f3 a los pa\u00edses de las Am\u00e9ricas a redoblar los esfuerzos para lograr la salud universal mientras comienzan a recuperarse de la pandemia de COVID-19. \u00abEsta regi\u00f3n necesita actuar urgentemente para revertir las p\u00e9rdidas socioecon\u00f3micas y sanitarias causadas por la pandemia, [&hellip;]<\/p>\n","protected":false},"author":18,"featured_media":26257,"comment_status":"closed","ping_status":"closed","sticky":false,"template":"","format":"standard","meta":{"_acf_changed":false,"footnotes":""},"categories":[551],"tags":[772,2183,2184,2147],"class_list":["post-33675","post","type-post","status-publish","format-standard","has-post-thumbnail","hentry","category-noticias","tag-ops","tag-salud-las-amercias","tag-salud-para-todos","tag-salud-universal"],"acf":[],"_links":{"self":[{"href":"https:\/\/ktechproduccion.net\/diariosalud.com\/wp-json\/wp\/v2\/posts\/33675","targetHints":{"allow":["GET"]}}],"collection":[{"href":"https:\/\/ktechproduccion.net\/diariosalud.com\/wp-json\/wp\/v2\/posts"}],"about":[{"href":"https:\/\/ktechproduccion.net\/diariosalud.com\/wp-json\/wp\/v2\/types\/post"}],"author":[{"embeddable":true,"href":"https:\/\/ktechproduccion.net\/diariosalud.com\/wp-json\/wp\/v2\/users\/18"}],"replies":[{"embeddable":true,"href":"https:\/\/ktechproduccion.net\/diariosalud.com\/wp-json\/wp\/v2\/comments?post=33675"}],"version-history":[{"count":0,"href":"https:\/\/ktechproduccion.net\/diariosalud.com\/wp-json\/wp\/v2\/posts\/33675\/revisions"}],"wp:featuredmedia":[{"embeddable":true,"href":"https:\/\/ktechproduccion.net\/diariosalud.com\/wp-json\/wp\/v2\/media\/26257"}],"wp:attachment":[{"href":"https:\/\/ktechproduccion.net\/diariosalud.com\/wp-json\/wp\/v2\/media?parent=33675"}],"wp:term":[{"taxonomy":"category","embeddable":true,"href":"https:\/\/ktechproduccion.net\/diariosalud.com\/wp-json\/wp\/v2\/categories?post=33675"},{"taxonomy":"post_tag","embeddable":true,"href":"https:\/\/ktechproduccion.net\/diariosalud.com\/wp-json\/wp\/v2\/tags?post=33675"}],"curies":[{"name":"wp","href":"https:\/\/api.w.org\/{rel}","templated":true}]}}