{"id":33666,"date":"2022-12-07T10:12:30","date_gmt":"2022-12-07T14:12:30","guid":{"rendered":"https:\/\/diariosalud.com\/uncategorized\/problemas-memoria-a-corto-plaza-podrian-mejorar-con-terapia-laser\/"},"modified":"2022-12-07T10:12:30","modified_gmt":"2022-12-07T14:12:30","slug":"problemas-memoria-a-corto-plaza-podrian-mejorar-con-terapia-laser","status":"publish","type":"post","link":"https:\/\/ktechproduccion.net\/diariosalud.com\/problemas-memoria-a-corto-plaza-podrian-mejorar-con-terapia-laser\/","title":{"rendered":"Problemas memoria a corto plaza podr\u00edan mejorar con terapia l\u00e1ser"},"content":{"rendered":"\n<p><strong>La terapia de luz l\u00e1ser ha demostrado ser eficaz para mejorar la memoria a corto plazo<\/strong>, seg\u00fan un estudio publicado en la revista &#8216;Science Advances&#8217;.<\/p>\n\n\n\n<p>Cient\u00edficos de la Universidad de Birmingham, en el Reino Unido, y de la Universidad Normal de Pek\u00edn, en China, han demostrado que <strong>la terapia, que no es invasiva, podr\u00eda mejorar la memoria a corto plazo,<\/strong> o de trabajo, en las personas hasta en un 25%.&nbsp;<\/p>\n\n\n\n<p>Seg\u00fan un comunicado de Europa Press,&nbsp; el&nbsp; tratamiento denominado fotobiomodulaci\u00f3n transcraneal (tPBM), se aplica en una zona del cerebro conocida como <strong>c\u00f3rtex prefrontal derecho.<\/strong> Esta zona est\u00e1 ampliamente reconocida como importante para la memoria de trabajo. En su experimento, el equipo mostr\u00f3 c\u00f3mo la memoria de trabajo mejoraba entre los participantes en la investigaci\u00f3n tras varios minutos de tratamiento. Tambi\u00e9n pudieron seguir los cambios en la actividad cerebral mediante la monitorizaci\u00f3n del electroencefalograma (EEG) durante el tratamiento y las pruebas.<\/p>\n\n\n\n<p>Estudios anteriores han demostrado que el tratamiento con luz l\u00e1ser mejora la memoria de trabajo en ratones, y los estudios en humanos han demostrado que el tratamiento con tPBM puede mejorar la precisi\u00f3n, acelerar el tiempo de reacci\u00f3n y mejorar las funciones de alto orden, como la atenci\u00f3n y la emoci\u00f3n.<\/p>\n\n\n\n<p>Sin embargo, este es el primer estudio que confirma<strong> una relaci\u00f3n entre la tPBM y la memoria de trabajo en humanos.<\/strong><\/p>\n\n\n\n<p>Dongwei Li, estudiante de doctorado visitante en el Centro de Salud Cerebral Humana de la Universidad de Birmingham y coautor del art\u00edculo explica que <strong>\u00ablas personas con afecciones como el TDAH<\/strong> (trastorno por d\u00e9ficit de atenci\u00f3n e hiperactividad)<strong> u otros trastornos relacionados con la atenci\u00f3n podr\u00edan beneficiarse de este tipo de tratamiento,<\/strong> que es seguro, sencillo y no invasivo, sin efectos secundarios\u00bb.<\/p>\n\n\n\n<p>En el estudio, los investigadores de la Universidad Normal de Pek\u00edn realizaron experimentos con 90 participantes masculinos y femeninos de entre 18 y 25 a\u00f1os. Los participantes fueron tratados con luz l\u00e1ser en el c\u00f3rtex prefrontal derecho a una longitud de onda de 1.064 nm, mientras que otros fueron tratados con una longitud de onda m\u00e1s corta, o el tratamiento se administr\u00f3 en el c\u00f3rtex prefrontal izquierdo. Cada participante fue tratado tambi\u00e9n con un tPBM simulado, o inactivo, para descartar el efecto placebo.<\/p>\n\n\n\n<p>Tras el tratamiento con tPBM durante 12 minutos, se pidi\u00f3 a los participantes que recordaran las orientaciones o el color de un conjunto de elementos mostrados en una pantalla. Los participantes tratados con luz l\u00e1ser en el c\u00f3rtex prefrontal derecho a 1.064 nm mostraron claras mejoras en la memoria respecto a los que hab\u00edan recibido los otros tratamientos. Mientras que los participantes que recibieron otras variantes de tratamiento pudieron recordar entre 3 y 4 de los objetos de la prueba, los que recibieron el tratamiento dirigido pudieron recordar entre 4 y 5 objetos.<\/p>\n\n\n\n<p>Los datos, incluidos los de la monitorizaci\u00f3n del electroencefalograma (EEG) durante el experimento, se analizaron en la Universidad de Birmingham y <strong>mostraron cambios en la actividad cerebral que tambi\u00e9n predijeron las mejoras en el rendimiento de la memoria.<\/strong><\/p>\n\n\n\n<p>Los investigadores a\u00fan no saben con exactitud por qu\u00e9 el tratamiento produce efectos positivos en la memoria de trabajo, ni cu\u00e1nto duran los efectos. Est\u00e1 previsto que se realicen m\u00e1s investigaciones sobre estos aspectos.El profesor Ole Jensen, tambi\u00e9n del Centro para la Salud del Cerebro Humano, a\u00f1ade que es necesario seguir investigando para entender exactamente por qu\u00e9 el tPBM tiene este efecto positivo, \u00abpero es posible que la luz est\u00e9 estimulando los astrocitos -las centrales de energ\u00eda- en las c\u00e9lulas nerviosas dentro del c\u00f3rtex prefrontal, y que esto tenga un efecto positivo en la eficiencia de las c\u00e9lulas. Tambi\u00e9n investigaremos la duraci\u00f3n de los efectos &#8211;a\u00f1ade&#8211;.<strong> Est\u00e1 claro que si estos experimentos han de conducir a una intervenci\u00f3n cl\u00ednica, tendremos que ver beneficios duraderos\u00bb.<\/strong><\/p>\n","protected":false},"excerpt":{"rendered":"<p>La terapia de luz l\u00e1ser ha demostrado ser eficaz para mejorar la memoria a corto plazo, seg\u00fan un estudio publicado en la revista &#8216;Science Advances&#8217;. Cient\u00edficos de la Universidad de Birmingham, en el Reino Unido, y de la Universidad Normal de Pek\u00edn, en China, han demostrado que la terapia, que no es invasiva, podr\u00eda mejorar [&hellip;]<\/p>\n","protected":false},"author":18,"featured_media":23994,"comment_status":"closed","ping_status":"closed","sticky":false,"template":"","format":"standard","meta":{"_acf_changed":false,"footnotes":""},"categories":[551],"tags":[235,2170,118,2171],"class_list":["post-33666","post","type-post","status-publish","format-standard","has-post-thumbnail","hentry","category-noticias","tag-investigacion","tag-memoria-a-corto-plazo","tag-neurologia","tag-terapia-laser"],"acf":[],"_links":{"self":[{"href":"https:\/\/ktechproduccion.net\/diariosalud.com\/wp-json\/wp\/v2\/posts\/33666","targetHints":{"allow":["GET"]}}],"collection":[{"href":"https:\/\/ktechproduccion.net\/diariosalud.com\/wp-json\/wp\/v2\/posts"}],"about":[{"href":"https:\/\/ktechproduccion.net\/diariosalud.com\/wp-json\/wp\/v2\/types\/post"}],"author":[{"embeddable":true,"href":"https:\/\/ktechproduccion.net\/diariosalud.com\/wp-json\/wp\/v2\/users\/18"}],"replies":[{"embeddable":true,"href":"https:\/\/ktechproduccion.net\/diariosalud.com\/wp-json\/wp\/v2\/comments?post=33666"}],"version-history":[{"count":0,"href":"https:\/\/ktechproduccion.net\/diariosalud.com\/wp-json\/wp\/v2\/posts\/33666\/revisions"}],"wp:featuredmedia":[{"embeddable":true,"href":"https:\/\/ktechproduccion.net\/diariosalud.com\/wp-json\/wp\/v2\/media\/23994"}],"wp:attachment":[{"href":"https:\/\/ktechproduccion.net\/diariosalud.com\/wp-json\/wp\/v2\/media?parent=33666"}],"wp:term":[{"taxonomy":"category","embeddable":true,"href":"https:\/\/ktechproduccion.net\/diariosalud.com\/wp-json\/wp\/v2\/categories?post=33666"},{"taxonomy":"post_tag","embeddable":true,"href":"https:\/\/ktechproduccion.net\/diariosalud.com\/wp-json\/wp\/v2\/tags?post=33666"}],"curies":[{"name":"wp","href":"https:\/\/api.w.org\/{rel}","templated":true}]}}