{"id":33662,"date":"2022-12-06T09:33:51","date_gmt":"2022-12-06T13:33:51","guid":{"rendered":"https:\/\/diariosalud.com\/uncategorized\/cientificos-advierten-casos-parkinson-alcanzaran-los-12-millones-en-todo-el-mundo\/"},"modified":"2022-12-06T09:33:51","modified_gmt":"2022-12-06T13:33:51","slug":"cientificos-advierten-casos-parkinson-alcanzaran-los-12-millones-en-todo-el-mundo","status":"publish","type":"post","link":"https:\/\/ktechproduccion.net\/diariosalud.com\/cientificos-advierten-casos-parkinson-alcanzaran-los-12-millones-en-todo-el-mundo\/","title":{"rendered":"Cient\u00edficos advierten casos parkinson alcanzar\u00e1n los 12 millones en todo el mundo"},"content":{"rendered":"\n<p>La <strong>Sociedad Internacional del Parkinson y Trastornos del Movimiento (MDS, en sus siglas en ingl\u00e9s)<\/strong> con motivo de la conmemoraci\u00f3n del <strong>D\u00eda de los Trastornos del Movimiento<\/strong> en todo el mundo, realiz\u00f3 una actividad que consisti\u00f3 en la concientizaci\u00f3n sobre esta enfermedad que seg\u00fan la OMS se han duplicado los casos los \u00faltimos 25 a\u00f1os. Con esta iniciativa, la MDS pretende llamar la atenci\u00f3n sobre el <strong>desconocimiento de estas enfermedades<\/strong> y la <strong>necesidad de que sus pacientes reciban un abordaje terap\u00e9utico adecuado<\/strong>.\u00a0<\/p>\n\n\n\n<p>Los <strong>trastornos del movimiento<\/strong> se refieren a <strong>cualquier s\u00edndrome cl\u00ednico con exceso o escasez de movimientos voluntarios e involuntarios<\/strong>, no relacionado con debilidad o espasticidad. Entre los trastornos del movimiento se encuentran algunas de las enfermedades m\u00e1s complejas de tratar, diagnosticar y comprender como son la <strong>enfermedad de Parkinson<\/strong>, las <strong>diston\u00edas<\/strong> o la <strong>enfermedad de Huntington<\/strong>. Por ello, otro de los objetivos del primer D\u00eda de los Trastornos del Movimiento es <strong>poner en valor la importancia de los especialistas en este \u00e1mbito<\/strong>, as\u00ed como el papel de la MDS para conseguir avances en este campo.<\/p>\n\n\n\n<p>En el caso del <strong>p\u00e1rkinson<\/strong>, actualmente es <strong>ya la segunda enfermedad neurodegenerativa con m\u00e1s prevalencia en Espa\u00f1a<\/strong>. El \u00faltimo informe realizado por la Organizaci\u00f3n Mundial de la Salud sobre este tema alerta de que, <strong>en los \u00faltimos 25 a\u00f1os, se ha duplicado el n\u00famero de casos de este trastorno neurodegenerativo<\/strong>. Las \u00faltimas cifras disponibles reflejan que<strong> m\u00e1s de ocho millones y medio de personas sufren p\u00e1rkinson en todo el mundo<\/strong>. Se estima, adem\u00e1s, que <strong>para 2040 se superar\u00e1 la cifra de 12 millones de personas afectadas por esta enfermedad<\/strong>.<\/p>\n\n\n\n<p>Algunos estudios consideran que <strong>esta situaci\u00f3n alcanzar\u00eda el nivel de pandemia<\/strong>, debido a su aumento progresivo a nivel global causado por el envejecimiento de la poblaci\u00f3n. La MDS se\u00f1ala, adem\u00e1s, que <strong>los medicamentos que combaten los trastornos del movimiento a\u00fan no son accesibles en muchas regiones del planeta<\/strong>. A eso se a\u00f1adir\u00eda, seg\u00fan la OMS, que <strong>solo un 23% de los pa\u00edses cuentan con neur\u00f3logos en sus zonas rurales<\/strong>.<\/p>\n","protected":false},"excerpt":{"rendered":"<p>La Sociedad Internacional del Parkinson y Trastornos del Movimiento (MDS, en sus siglas en ingl\u00e9s) con motivo de la conmemoraci\u00f3n del D\u00eda de los Trastornos del Movimiento en todo el mundo, realiz\u00f3 una actividad que consisti\u00f3 en la concientizaci\u00f3n sobre esta enfermedad que seg\u00fan la OMS se han duplicado los casos los \u00faltimos 25 a\u00f1os. [&hellip;]<\/p>\n","protected":false},"author":18,"featured_media":26228,"comment_status":"closed","ping_status":"closed","sticky":false,"template":"","format":"standard","meta":{"_acf_changed":false,"footnotes":""},"categories":[551],"tags":[1250,352,772,1032,2164],"class_list":["post-33662","post","type-post","status-publish","format-standard","has-post-thumbnail","hentry","category-noticias","tag-enfermedades-neurodegenerativas","tag-oms","tag-ops","tag-parkinson","tag-trastornos-movimiento"],"acf":[],"_links":{"self":[{"href":"https:\/\/ktechproduccion.net\/diariosalud.com\/wp-json\/wp\/v2\/posts\/33662","targetHints":{"allow":["GET"]}}],"collection":[{"href":"https:\/\/ktechproduccion.net\/diariosalud.com\/wp-json\/wp\/v2\/posts"}],"about":[{"href":"https:\/\/ktechproduccion.net\/diariosalud.com\/wp-json\/wp\/v2\/types\/post"}],"author":[{"embeddable":true,"href":"https:\/\/ktechproduccion.net\/diariosalud.com\/wp-json\/wp\/v2\/users\/18"}],"replies":[{"embeddable":true,"href":"https:\/\/ktechproduccion.net\/diariosalud.com\/wp-json\/wp\/v2\/comments?post=33662"}],"version-history":[{"count":0,"href":"https:\/\/ktechproduccion.net\/diariosalud.com\/wp-json\/wp\/v2\/posts\/33662\/revisions"}],"wp:featuredmedia":[{"embeddable":true,"href":"https:\/\/ktechproduccion.net\/diariosalud.com\/wp-json\/wp\/v2\/media\/26228"}],"wp:attachment":[{"href":"https:\/\/ktechproduccion.net\/diariosalud.com\/wp-json\/wp\/v2\/media?parent=33662"}],"wp:term":[{"taxonomy":"category","embeddable":true,"href":"https:\/\/ktechproduccion.net\/diariosalud.com\/wp-json\/wp\/v2\/categories?post=33662"},{"taxonomy":"post_tag","embeddable":true,"href":"https:\/\/ktechproduccion.net\/diariosalud.com\/wp-json\/wp\/v2\/tags?post=33662"}],"curies":[{"name":"wp","href":"https:\/\/api.w.org\/{rel}","templated":true}]}}