{"id":33653,"date":"2022-11-30T21:59:13","date_gmt":"2022-12-01T01:59:13","guid":{"rendered":"https:\/\/diariosalud.com\/uncategorized\/confirman-caso-de-exito-de-farmaco-contra-alzheimer\/"},"modified":"2022-11-30T21:59:13","modified_gmt":"2022-12-01T01:59:13","slug":"confirman-caso-de-exito-de-farmaco-contra-alzheimer","status":"publish","type":"post","link":"https:\/\/ktechproduccion.net\/diariosalud.com\/confirman-caso-de-exito-de-farmaco-contra-alzheimer\/","title":{"rendered":"Confirman potencial f\u00e1rmaco con buenos resultados contra Alzheimer"},"content":{"rendered":"\n<p><em>Un ensayo cl\u00ednico de 698 participantes permiti\u00f3 mayores reducciones en la carga de amiloide cerebral con lecanemab que con placebo<\/em><\/p>\n\n\n\n<p>Seg\u00fan un art\u00edculo publicado en <strong><em>The New England Journal of Medicine<\/em><\/strong>, se demostr\u00f3 que la acumulaci\u00f3n de <strong>beta-amiloide<\/strong> agregado soluble e insoluble (A\u03b2) puede \u00abiniciar o potenciar\u00bb procesos patol\u00f3gicos en la enfermedad de Alzheimer. <\/p>\n\n\n\n<p>Los investigadores realizaron un ensayo con Lecanemab; un anticuerpo monoclonal <strong>IgG1 humanizado<\/strong> que se une con alta afinidad a las protofibrillas solubles A\u03b2, el cual se prob\u00f3 en personas con enfermedad de <a href=\"https:\/\/ktechproduccion.net\/diariosalud.com\/la-hormona-del-amor-puede-ser-una-aliada-para-mejorar-los-efectos-del-alzheimer\/\">Alzheimer<\/a> temprano.<\/p>\n\n\n\n<p class=\"has-text-align-center\" style=\"font-size:29px\"><em>\u00abRealizamos un ensayo de fase 3, doble ciego, multic\u00e9ntrico, de 18 meses de duraci\u00f3n en el que participaron personas de 50 a 90 a\u00f1os de edad con enfermedad de Alzheimer temprano (deterioro cognitivo leve o demencia leve debido a la enfermedad de Alzheimer), con evidencia de amiloide en la tomograf\u00eda por emisi\u00f3n de positrones ( PET) o por an\u00e1lisis de l\u00edquido cefalorraqu\u00eddeo\u00bb<\/em>, <em>confirm\u00f3<strong> Christopher H. van Dyck, MD, <\/strong>uno de los investigadores <\/em><\/p>\n\n\n\n<p>El estudio de la <a href=\"https:\/\/www.nejm.org\">revista de medicina de Inglaterra<\/a> explica que el f\u00e1rmaco <strong>Lecanemab<\/strong> redujo los marcadores de amiloide en la enfermedad de Alzheimer temprano y result\u00f3 en una disminuci\u00f3n moderadamente menor en las medidas de <a href=\"https:\/\/ktechproduccion.net\/diariosalud.com\/cuidar-el-cerebro-es-fundamental-para-recobrar-las-funciones-perdidas-tras-el-coronavirus\/\">cognici\u00f3n<\/a> y funci\u00f3n que el placebo a los 18 meses. <\/p>\n\n\n\n<p>Mira el estudio completo <a href=\"https:\/\/www.nejm.org\/doi\/full\/10.1056\/NEJMoa2212948?query=main_nav_lg\">aqu\u00ed<\/a><\/p>\n","protected":false},"excerpt":{"rendered":"<p>Un ensayo cl\u00ednico de 698 participantes permiti\u00f3 mayores reducciones en la carga de amiloide cerebral con lecanemab que con placebo Seg\u00fan un art\u00edculo publicado en The New England Journal of Medicine, se demostr\u00f3 que la acumulaci\u00f3n de beta-amiloide agregado soluble e insoluble (A\u03b2) puede \u00abiniciar o potenciar\u00bb procesos patol\u00f3gicos en la enfermedad de Alzheimer. Los [&hellip;]<\/p>\n","protected":false},"author":18,"featured_media":26198,"comment_status":"closed","ping_status":"closed","sticky":false,"template":"","format":"standard","meta":{"_acf_changed":false,"footnotes":""},"categories":[551],"tags":[465,1218,118],"class_list":["post-33653","post","type-post","status-publish","format-standard","has-post-thumbnail","hentry","category-noticias","tag-alzheimer","tag-ensayos-clinicos","tag-neurologia"],"acf":[],"_links":{"self":[{"href":"https:\/\/ktechproduccion.net\/diariosalud.com\/wp-json\/wp\/v2\/posts\/33653","targetHints":{"allow":["GET"]}}],"collection":[{"href":"https:\/\/ktechproduccion.net\/diariosalud.com\/wp-json\/wp\/v2\/posts"}],"about":[{"href":"https:\/\/ktechproduccion.net\/diariosalud.com\/wp-json\/wp\/v2\/types\/post"}],"author":[{"embeddable":true,"href":"https:\/\/ktechproduccion.net\/diariosalud.com\/wp-json\/wp\/v2\/users\/18"}],"replies":[{"embeddable":true,"href":"https:\/\/ktechproduccion.net\/diariosalud.com\/wp-json\/wp\/v2\/comments?post=33653"}],"version-history":[{"count":0,"href":"https:\/\/ktechproduccion.net\/diariosalud.com\/wp-json\/wp\/v2\/posts\/33653\/revisions"}],"wp:featuredmedia":[{"embeddable":true,"href":"https:\/\/ktechproduccion.net\/diariosalud.com\/wp-json\/wp\/v2\/media\/26198"}],"wp:attachment":[{"href":"https:\/\/ktechproduccion.net\/diariosalud.com\/wp-json\/wp\/v2\/media?parent=33653"}],"wp:term":[{"taxonomy":"category","embeddable":true,"href":"https:\/\/ktechproduccion.net\/diariosalud.com\/wp-json\/wp\/v2\/categories?post=33653"},{"taxonomy":"post_tag","embeddable":true,"href":"https:\/\/ktechproduccion.net\/diariosalud.com\/wp-json\/wp\/v2\/tags?post=33653"}],"curies":[{"name":"wp","href":"https:\/\/api.w.org\/{rel}","templated":true}]}}