{"id":33650,"date":"2022-11-30T12:04:50","date_gmt":"2022-11-30T16:04:50","guid":{"rendered":"https:\/\/diariosalud.com\/uncategorized\/abordaje-interdisciplinar-en-los-trastornos-de-la-conducta-alimentaria\/"},"modified":"2022-11-30T12:04:50","modified_gmt":"2022-11-30T16:04:50","slug":"abordaje-interdisciplinar-en-los-trastornos-de-la-conducta-alimentaria","status":"publish","type":"post","link":"https:\/\/ktechproduccion.net\/diariosalud.com\/abordaje-interdisciplinar-en-los-trastornos-de-la-conducta-alimentaria\/","title":{"rendered":"Abordaje interdisciplinar en los trastornos de la conducta alimentaria"},"content":{"rendered":"\n<p>Por Ana Amell, Psic\u00f3loga Cl\u00ednica, MA<\/p>\n\n\n\n<p>En la <strong>conmemoraci\u00f3n del d\u00eda contra la lucha de los trastornos de la conducta alimentaria<\/strong>, una patolog\u00eda que incrementa cada d\u00eda en la consulta, queremos resaltar la importancia del abordaje interdisciplinar con el objetivo de poder <strong>ofrecer a estos pacientes el mejor abordaje terap\u00e9utico<\/strong> que le permita <strong>mejorar su calidad de vida as\u00ed como su estado de salud integral<\/strong>.&nbsp;<\/p>\n\n\n\n<p>El Manual diagn\u00f3stico y estad\u00edstico de los trastornos mentales (DSM-5), define que los <strong>trastornos de la conducta alimentaria y de ingesta de alimentos<\/strong> se caracterizan por una <strong>alteraci\u00f3n persistente en la alimentaci\u00f3n o en el comportamiento relacionado con la alimentaci\u00f3n que lleva a una alteraci\u00f3n en el consumo o en la absorci\u00f3n de los alimentos <\/strong>y que <strong>causa un deterioro significativo de la salud f\u00edsica o del funcionamiento psicosocial<\/strong>.&nbsp;<\/p>\n\n\n\n<p>Dicho esto la importancia de un <strong>abordaje interdisciplinar<\/strong> que incluya el abordaje del <strong>estado biol\u00f3gico<\/strong>, <strong>psicol\u00f3gico<\/strong> y <strong>social<\/strong> del paciente con el objetivo de definir la <strong>estrategia terap\u00e9utica<\/strong> id\u00f3nea y contribuir con un <strong>mejor manejo en el abordaje<\/strong>.&nbsp;<\/p>\n\n\n\n<p>Cada uno de los diferentes trastornos de la conducta alimentaria tiene un <strong>manejo y protocolo diferente<\/strong> por esto la importancia de un <strong>personal cualificado <\/strong>en el manejo de este tipo de tratamiento <strong>aumentar\u00e1 la tasa de \u00e9xito en la recuperaci\u00f3n<\/strong>.&nbsp;<\/p>\n\n\n\n<p>Regularmente los <strong>afectados por los trastornos de la conducta alimentaria<\/strong>&nbsp; presentan asociadas otras patolog\u00edas <strong>psiqui\u00e1tricas, como depresi\u00f3n, ansiedad, trastornos de personalidad o abusos de sustancias y\/ o drogas<\/strong>.&nbsp;<\/p>\n\n\n\n<p>La edad media de comienzo de estos trastornos es a los <strong>14 a\u00f1os, con otro pico a los 18 a\u00f1os<\/strong>. El rango abarca desde los <strong>10 a los 20 a\u00f1os<\/strong>, aunque puede existir tambi\u00e9n fuera de estas edades. Rara vez comienza antes de la pubertad o despu\u00e9s de los 40 a\u00f1os.<\/p>\n\n\n\n<p>Seg\u00fan datos de la Asociaci\u00f3n Espa\u00f1ola Estudio de los Trastornos de la Conducta Alimentaria (AEETCA), cerca de un <strong>70%<\/strong> de los adolescentes no se sienten a gusto con su cuerpo y seis de cada diez chicas creen que ser\u00edan <strong>m\u00e1s felices si estuvieran delgadas<\/strong> y entran en los c\u00e1nones que exige la sociedad de delgadez. Se trata, adem\u00e1s, de una enfermedad mental con <strong>mayor mortalidad<\/strong> por las <strong>complicaciones f\u00edsicas<\/strong> que provoca.<\/p>\n\n\n\n<p>Agrega tambi\u00e9n que la <strong>prevenci\u00f3n y el tratamiento <\/strong>en estos trastornos tienen como objetivo, adem\u00e1s de <strong>recuperar el cuerpo f\u00edsico, trabajar el desarrollo de la autoestima, la creaci\u00f3n de valores lejos de los estereotipos sociales y publicitarios, adem\u00e1s de la gesti\u00f3n de las emociones y la conquista del cuerpo real de cada persona, en el presente.<\/strong><\/p>\n\n\n\n<p>Por \u00faltimo, ante la sospecha de recibir un paciente con este tipo de trastornos derivarlo a un especialista de esta \u00e1rea que pueda ofrecerle los recursos y ayuda inmediata ya que el diagn\u00f3stico temprano contribuye a una alta tasa de recuperaci\u00f3n.<\/p>\n","protected":false},"excerpt":{"rendered":"<p>Por Ana Amell, Psic\u00f3loga Cl\u00ednica, MA En la conmemoraci\u00f3n del d\u00eda contra la lucha de los trastornos de la conducta alimentaria, una patolog\u00eda que incrementa cada d\u00eda en la consulta, queremos resaltar la importancia del abordaje interdisciplinar con el objetivo de poder ofrecer a estos pacientes el mejor abordaje terap\u00e9utico que le permita mejorar su [&hellip;]<\/p>\n","protected":false},"author":18,"featured_media":26191,"comment_status":"closed","ping_status":"closed","sticky":false,"template":"","format":"standard","meta":{"_acf_changed":false,"footnotes":""},"categories":[551],"tags":[2148,2149,119,2150,2151],"class_list":["post-33650","post","type-post","status-publish","format-standard","has-post-thumbnail","hentry","category-noticias","tag-abordaje-psicologico","tag-dias-especiales-de-salud","tag-psicologia","tag-tca","tag-trastornos-conducta-alimentaria"],"acf":[],"_links":{"self":[{"href":"https:\/\/ktechproduccion.net\/diariosalud.com\/wp-json\/wp\/v2\/posts\/33650","targetHints":{"allow":["GET"]}}],"collection":[{"href":"https:\/\/ktechproduccion.net\/diariosalud.com\/wp-json\/wp\/v2\/posts"}],"about":[{"href":"https:\/\/ktechproduccion.net\/diariosalud.com\/wp-json\/wp\/v2\/types\/post"}],"author":[{"embeddable":true,"href":"https:\/\/ktechproduccion.net\/diariosalud.com\/wp-json\/wp\/v2\/users\/18"}],"replies":[{"embeddable":true,"href":"https:\/\/ktechproduccion.net\/diariosalud.com\/wp-json\/wp\/v2\/comments?post=33650"}],"version-history":[{"count":0,"href":"https:\/\/ktechproduccion.net\/diariosalud.com\/wp-json\/wp\/v2\/posts\/33650\/revisions"}],"wp:featuredmedia":[{"embeddable":true,"href":"https:\/\/ktechproduccion.net\/diariosalud.com\/wp-json\/wp\/v2\/media\/26191"}],"wp:attachment":[{"href":"https:\/\/ktechproduccion.net\/diariosalud.com\/wp-json\/wp\/v2\/media?parent=33650"}],"wp:term":[{"taxonomy":"category","embeddable":true,"href":"https:\/\/ktechproduccion.net\/diariosalud.com\/wp-json\/wp\/v2\/categories?post=33650"},{"taxonomy":"post_tag","embeddable":true,"href":"https:\/\/ktechproduccion.net\/diariosalud.com\/wp-json\/wp\/v2\/tags?post=33650"}],"curies":[{"name":"wp","href":"https:\/\/api.w.org\/{rel}","templated":true}]}}