{"id":33629,"date":"2022-11-18T19:04:50","date_gmt":"2022-11-18T23:04:50","guid":{"rendered":"https:\/\/diariosalud.com\/uncategorized\/retos-del-cancer-de-pulmon-en-mexico\/"},"modified":"2022-11-18T19:04:50","modified_gmt":"2022-11-18T23:04:50","slug":"retos-del-cancer-de-pulmon-en-mexico","status":"publish","type":"post","link":"https:\/\/ktechproduccion.net\/diariosalud.com\/retos-del-cancer-de-pulmon-en-mexico\/","title":{"rendered":"Retos del c\u00e1ncer de pulm\u00f3n en M\u00e9xico"},"content":{"rendered":"\n<p><em>Mejorar la prevenci\u00f3n, el acceso al diagn\u00f3stico precoz y a los tratamientos innovadores para incidir en los casos nuevos y en las muertes provocadas por el c\u00e1ncer de pulm\u00f3n son los principales retos que se plantea M\u00e9xico en torno a este tumor, una de las mayores causas de muerte por c\u00e1ncer.<\/em><\/p>\n\n\n\n<p>Estas fueron las principales conclusiones del <strong>EFEForum<\/strong> \u201cD\u00eda Mundial contra el c\u00e1ncer de pulm\u00f3n; uno de los m\u00e1s mortales en M\u00e9xico\u201d, celebrado en la Ciudad de M\u00e9xico.<\/p>\n\n\n\n<p>En ese sentido, el onc\u00f3logo<strong> Luis Cabrera<\/strong> afirm\u00f3 que en el pa\u00eds \u201cno hay educaci\u00f3n\u201d para detectar este padecimiento de manera oportuna o \u201cla difusi\u00f3n de que existen m\u00e9todos para detectar tumores a tiempo\u201d.<\/p>\n\n\n\n<p class=\"has-text-align-center\" style=\"font-size:29px\"><em>Explic\u00f3 que, a diferencia de otros pa\u00edses, en M\u00e9xico menos del 1 % de los c\u00e1nceres de este tipo se diagnostican en etapas tempranas, mientras que en Estados Unidos y Gran Breta\u00f1a esta cifra rebasa el 20 %.<\/em><\/p>\n\n\n\n<p><strong>M\u00e1x Sar\u00e1chaga<\/strong>, director m\u00e9dico de Amgen, record\u00f3 que el c\u00e1ncer de pulm\u00f3n es una de las pocas neoplasias que, hasta ahora, han revolucionado en cuanto a tratamientos, gracias a que se han encontrado algunas mutaciones que permiten dise\u00f1ar terapias m\u00e1s personalizadas.<\/p>\n\n\n\n<p>\u201cHoy el c\u00e1ncer de pulm\u00f3n obliga a conocer con precisi\u00f3n qu\u00e9 mutaciones tiene porque eso va a depender del manejo y qu\u00e9 se le puede ofrecer a paciente\u201d, se\u00f1al\u00f3.<\/p>\n\n\n\n<p>Finalmente, se\u00f1alaron la importancia de la prevenci\u00f3n y de eliminar los estigmas, especialmente en los pacientes fumadores pues el 98 % de los casos de c\u00e1ncer de pulm\u00f3n est\u00e1n relacionados con el tabaquismo.<\/p>\n\n\n\n<p>EFE Salud <\/p>\n","protected":false},"excerpt":{"rendered":"<p>Mejorar la prevenci\u00f3n, el acceso al diagn\u00f3stico precoz y a los tratamientos innovadores para incidir en los casos nuevos y en las muertes provocadas por el c\u00e1ncer de pulm\u00f3n son los principales retos que se plantea M\u00e9xico en torno a este tumor, una de las mayores causas de muerte por c\u00e1ncer. Estas fueron las principales [&hellip;]<\/p>\n","protected":false},"author":18,"featured_media":26143,"comment_status":"closed","ping_status":"closed","sticky":false,"template":"","format":"standard","meta":{"_acf_changed":false,"footnotes":""},"categories":[551],"tags":[257,1790,218,399,1863],"class_list":["post-33629","post","type-post","status-publish","format-standard","has-post-thumbnail","hentry","category-noticias","tag-cancer-de-pulmon","tag-centroamerica","tag-oncologia","tag-prevencion","tag-retos"],"acf":[],"_links":{"self":[{"href":"https:\/\/ktechproduccion.net\/diariosalud.com\/wp-json\/wp\/v2\/posts\/33629","targetHints":{"allow":["GET"]}}],"collection":[{"href":"https:\/\/ktechproduccion.net\/diariosalud.com\/wp-json\/wp\/v2\/posts"}],"about":[{"href":"https:\/\/ktechproduccion.net\/diariosalud.com\/wp-json\/wp\/v2\/types\/post"}],"author":[{"embeddable":true,"href":"https:\/\/ktechproduccion.net\/diariosalud.com\/wp-json\/wp\/v2\/users\/18"}],"replies":[{"embeddable":true,"href":"https:\/\/ktechproduccion.net\/diariosalud.com\/wp-json\/wp\/v2\/comments?post=33629"}],"version-history":[{"count":0,"href":"https:\/\/ktechproduccion.net\/diariosalud.com\/wp-json\/wp\/v2\/posts\/33629\/revisions"}],"wp:featuredmedia":[{"embeddable":true,"href":"https:\/\/ktechproduccion.net\/diariosalud.com\/wp-json\/wp\/v2\/media\/26143"}],"wp:attachment":[{"href":"https:\/\/ktechproduccion.net\/diariosalud.com\/wp-json\/wp\/v2\/media?parent=33629"}],"wp:term":[{"taxonomy":"category","embeddable":true,"href":"https:\/\/ktechproduccion.net\/diariosalud.com\/wp-json\/wp\/v2\/categories?post=33629"},{"taxonomy":"post_tag","embeddable":true,"href":"https:\/\/ktechproduccion.net\/diariosalud.com\/wp-json\/wp\/v2\/tags?post=33629"}],"curies":[{"name":"wp","href":"https:\/\/api.w.org\/{rel}","templated":true}]}}