{"id":33594,"date":"2022-11-07T04:17:27","date_gmt":"2022-11-07T08:17:27","guid":{"rendered":"https:\/\/diariosalud.com\/uncategorized\/el-bienestar-social-y-la-salud-bucodental\/"},"modified":"2022-11-07T04:17:27","modified_gmt":"2022-11-07T08:17:27","slug":"el-bienestar-social-y-la-salud-bucodental","status":"publish","type":"post","link":"https:\/\/ktechproduccion.net\/diariosalud.com\/el-bienestar-social-y-la-salud-bucodental\/","title":{"rendered":"El bienestar social y la salud bucodental"},"content":{"rendered":"\n<p>Autor: Beatriz Adriana Villanueva Collins<\/p>\n\n\n\n<p>Ortodoncia\/Ortopedia Maxilofacial&nbsp;<\/p>\n\n\n\n<p>La salud dental es prioridad en nuestra vida. Sus problemas no solo nos afectan de forma f\u00edsica, sino que tambi\u00e9n nos afectan al hablar, al dormir, en el crecimiento, emocionalmente, a&nbsp; relacionarnos socialmente, en el entorno social, en el trabajo, entre otros contextos. La ausencia de piezas dentales afectan para comer, para hablar y para sonre\u00edr. Esto empeora si son las frontales, y a\u00fan m\u00e1s, las de la arcada superior, ya que es un problema relacionado directamente con la disminuci\u00f3n de autoestima, disminuyen las relaciones y oportunidades&nbsp; laborales y afectivas y, al ser generalizado, se califica como una afectaci\u00f3n al bienestar social.<\/p>\n\n\n\n<p>La educaci\u00f3n en medidas de prevenci\u00f3n para problemas bucodentales es muy necesaria. Algunas opciones como establecer programas educativos, de orientaci\u00f3n, tanto de las autoridades como escolares, deben ser una prioridad para mejorar la calidad de vida de la poblaci\u00f3n, de igual modo, y con ese inter\u00e9s y prioridad, ejemplificando con responsabilidad para la atenci\u00f3n a la sociedad m\u00e1s vulnerable, a todos aquellos que no tienen alcance a su atenci\u00f3n por falta de recursos econ\u00f3micos. Y como sociedad en general, tambi\u00e9n es necesario hacer uso de este compromiso social, aportando para mejorar la calidad de vida de todos, logrando un bienestar social.<\/p>\n\n\n\n<p>Una persona con presencia de dolor en uno o alguno de sus dientes, no puede rendir en sus actividades, en sus compromisos, en su trabajo, y dependiendo del grado de afectaci\u00f3n, de dolor, puede no poder realizar ninguna de las anteriores mencionadas, ni relacionarse en armon\u00eda con su entorno social. No todos cuentan con la posibilidad de tener los medios para poder atenderse, siendo ah\u00ed, como profesionistas de la salud , donde debemos estar abiertos a apoyar en este tipo de situaciones.Las necesidades se dejan ver en el d\u00eda a d\u00eda. Muchas son relacionadas con la salud, pero no son las \u00fanicas, ya que existen en muchos \u00e1mbitos.&nbsp;<\/p>\n\n\n\n<p>Se pueden mostrar en momento inesperado con alguien que necesite ayuda emergente, puede ser para cruzar una avenida, tambi\u00e9n por alg\u00fan accidente, o aquellas que se requieran por necesidades de vida cotidiana, de igual forma, ya sea porque son parte del grupo de las personas comprometidas y responsables como parte de su trabajo a la sociedad, o lo sea de parte de personas que simplemente lo hacen porque son sus formas, ayudar nos da el mismo resultado, el mismo impacto social, mejorar nuestro entorno social, sembrar ese sentir de apoyo. La persona que la da, le puede poner tama\u00f1o, le puede poner cantidad, pero aquella que la recibe, que siente esa necesidad inmensa en su dificultad, solo la medir\u00e1 en agradecimiento. Un peque\u00f1o detalle de ayuda, es un aporte para hacer de este mundo, un mejor lugar.<\/p>\n","protected":false},"excerpt":{"rendered":"<p>Autor: Beatriz Adriana Villanueva Collins Ortodoncia\/Ortopedia Maxilofacial&nbsp; La salud dental es prioridad en nuestra vida. Sus problemas no solo nos afectan de forma f\u00edsica, sino que tambi\u00e9n nos afectan al hablar, al dormir, en el crecimiento, emocionalmente, a&nbsp; relacionarnos socialmente, en el entorno social, en el trabajo, entre otros contextos. La ausencia de piezas dentales [&hellip;]<\/p>\n","protected":false},"author":18,"featured_media":26092,"comment_status":"closed","ping_status":"closed","sticky":false,"template":"","format":"standard","meta":{"_acf_changed":false,"footnotes":""},"categories":[610],"tags":[1525,93,92,2093],"class_list":["post-33594","post","type-post","status-publish","format-standard","has-post-thumbnail","hentry","category-estudiantil","tag-estudiantes","tag-odontologia","tag-salud","tag-social"],"acf":[],"_links":{"self":[{"href":"https:\/\/ktechproduccion.net\/diariosalud.com\/wp-json\/wp\/v2\/posts\/33594","targetHints":{"allow":["GET"]}}],"collection":[{"href":"https:\/\/ktechproduccion.net\/diariosalud.com\/wp-json\/wp\/v2\/posts"}],"about":[{"href":"https:\/\/ktechproduccion.net\/diariosalud.com\/wp-json\/wp\/v2\/types\/post"}],"author":[{"embeddable":true,"href":"https:\/\/ktechproduccion.net\/diariosalud.com\/wp-json\/wp\/v2\/users\/18"}],"replies":[{"embeddable":true,"href":"https:\/\/ktechproduccion.net\/diariosalud.com\/wp-json\/wp\/v2\/comments?post=33594"}],"version-history":[{"count":0,"href":"https:\/\/ktechproduccion.net\/diariosalud.com\/wp-json\/wp\/v2\/posts\/33594\/revisions"}],"wp:featuredmedia":[{"embeddable":true,"href":"https:\/\/ktechproduccion.net\/diariosalud.com\/wp-json\/wp\/v2\/media\/26092"}],"wp:attachment":[{"href":"https:\/\/ktechproduccion.net\/diariosalud.com\/wp-json\/wp\/v2\/media?parent=33594"}],"wp:term":[{"taxonomy":"category","embeddable":true,"href":"https:\/\/ktechproduccion.net\/diariosalud.com\/wp-json\/wp\/v2\/categories?post=33594"},{"taxonomy":"post_tag","embeddable":true,"href":"https:\/\/ktechproduccion.net\/diariosalud.com\/wp-json\/wp\/v2\/tags?post=33594"}],"curies":[{"name":"wp","href":"https:\/\/api.w.org\/{rel}","templated":true}]}}