{"id":33593,"date":"2022-11-01T18:28:45","date_gmt":"2022-11-01T22:28:45","guid":{"rendered":"https:\/\/diariosalud.com\/uncategorized\/viruela-del-mono-en-america-latina-y-la-alerta-activada-de-oms\/"},"modified":"2022-11-01T18:28:45","modified_gmt":"2022-11-01T22:28:45","slug":"viruela-del-mono-en-america-latina-y-la-alerta-activada-de-oms","status":"publish","type":"post","link":"https:\/\/ktechproduccion.net\/diariosalud.com\/viruela-del-mono-en-america-latina-y-la-alerta-activada-de-oms\/","title":{"rendered":"Viruela del mono en Am\u00e9rica Latina y la alerta activada de OMS"},"content":{"rendered":"\n<p><em>Los casos de viruela s\u00edmica aumentan en diferentes pa\u00edses de Am\u00e9rica latina y la Organizaci\u00f3n Mundial de la Salud<\/em> <em>inform\u00f3 que mantiene su emergencia internacional. <\/em><\/p>\n\n\n\n<p>La Organizaci\u00f3n Mundial de la Salud (OMS) anunci\u00f3 que mantiene su emergencia internacional por el brote de viruela del mono, declarada el 23 de julio, pese al fuerte aumento de casos en la mayor parte de las regiones.<\/p>\n\n\n\n<p>Por lo que el <strong>Comit\u00e9 de Emergencia de la OMS<\/strong> para esta enfermedad, reunido el <a href=\"https:\/\/www.who.int\/es\/director-general\/speeches\/detail\/who-director-general-s-opening-remarks-at-3rd-meeting-of-the-ihr-emergency-committee--multi-country-outbreak-of-monkeypox---20-october-2022\">20 de octubre<\/a> para analizar la situaci\u00f3n mundial de esta crisis sanitaria indic\u00f3 que se han logrado \u00abprogresos en la respuesta global\u00bb en el actual <a href=\"https:\/\/ktechproduccion.net\/diariosalud.com\/que-dice-la-fda-sobre-su-respuesta-ante-el-brote-mundial-de-viruela-del-mono\/\">brote<\/a>, pero se\u00f1al\u00f3 que es pronto para poner fin a la emergencia global, ya que sigue habiendo transmisi\u00f3n comunitaria en varias regiones.<\/p>\n\n\n\n<p>En ese sentido, el director general de la OMS, doctor <strong>Tedros Adhanom Ghebreyesus<\/strong> aclar\u00f3 que \u00ablos progresos en las Am\u00e9ricas son m\u00e1s inciertos, y de hecho esta Regi\u00f3n registr\u00f3 casi el 90% de los casos notificados la semana pasada\u00bb.<\/p>\n\n\n\n<p>As\u00ed \u00abvarios pa\u00edses todav\u00eda est\u00e1n entrando en la fase \u00e1lgida del brote y es probable que en otros pa\u00edses no se notifiquen todos los casos\u00bb, indic\u00f3 el doctor en su alocuci\u00f3n <a href=\"https:\/\/www.paho.org\/es\/noticias\/1-11-2022-tercera-reunion-comite-emergencia-reglamento-sanitario-internacional-2005-rsi\">en la tercera reuni\u00f3n <\/a>del Comit\u00e9 de Emergencias del RSI. <\/p>\n\n\n\n<p><strong>Pa\u00edses en aumento del brote <\/strong><\/p>\n\n\n\n<p>OMS anunci\u00f3 que la semana pasada se reportaron 1.300 nuevos casos de viruela del mundo, una ca\u00edda del 41 % con respecto a los siete d\u00edas anteriores, y una cifra semanal unas siete veces menor a la de los momentos m\u00e1s \u00e1lgidos del brote, a finales de julio y principios de agosto.<\/p>\n\n\n\n<p>En lo que respecta a las Am\u00e9ricas, especialmente los pa\u00edses latinoamericanos, de acuerdo a un informe emitido por la Secretar\u00eda de Salud de <strong>M\u00e9xico<\/strong>, desde el <a href=\"https:\/\/www.gob.mx\/salud\/prensa\/516-dos-mil-468-casos-confirmados-de-viruela-simica-en-mexico-secretaria-de-salud\">primer reporte<\/a> y hasta el 17 de octubre \u201cse han confirmado 2468 contagios de viruela s\u00edmica en las 32 entidades federativas\u201d.<\/p>\n\n\n\n<p>En <strong>Argentina<\/strong>, en el \u00faltimo bolet\u00edn epidemiol\u00f3gico del Ministerio de Salud de la Naci\u00f3n, se reportaron 221 casos confirmados.<\/p>\n\n\n\n<p>As\u00ed el Ministerio de Salud de <strong>Per\u00fa<\/strong> inform\u00f3 que los casos se elevaron a 2913 los casos confirmados de la enfermedad de la viruela del mono en el Per\u00fa (hasta 17 de octubre).<\/p>\n\n\n\n<p><strong>Chile<\/strong> es otro de los pa\u00edses que sufri\u00f3 un incremento en contagios. Pero hasta ahora es el \u00fanico que recibi\u00f3 vacunas y que el mi\u00e9rcoles 19 de octubre comenz\u00f3 con la inoculaci\u00f3n. En ese sentido, el <a href=\"https:\/\/www.minsal.cl\/reporte-situacion-epidemiologica-de-viruela-del-mono\/\">reporte emitido<\/a> por ese pa\u00eds, dice que hasta el 13 de octubre se registraron 1.093 casos de <a href=\"https:\/\/ktechproduccion.net\/diariosalud.com\/por-que-se-ha-propagado-tan-rapido-la-viruela-del-virus\/\">viruela del mono<\/a>. \u201cMil setenta y ocho confirmados y 15 probables. De estos casos, 117 fueron hospitalizados\u00bb.<\/p>\n\n\n\n<p><strong>OMS mantiene activa la alerta <\/strong><\/p>\n\n\n\n<p>Seg\u00fan la <a href=\"https:\/\/www.paho.org\/es\/documentos\/viruela-simica-region-americas-evaluacion-riesgo\">OMS<\/a>\/OPS, \u00abel brote de viruela del simio est\u00e1 en curso y se espera que se identifiquen m\u00e1s casos a medida que se implemente la vigilancia y la capacidad de laboratorio en los pa\u00edses\/territorios dentro de la Regi\u00f3n de las Am\u00e9ricas\u00bb.<\/p>\n\n\n\n<p>Adem\u00e1s, la OPS indica que la limitada disponibilidad de vacunas y tratamiento potencial como parte de las principales medidas de salud p\u00fablica para la mayor\u00eda de los territorios dentro de la Regi\u00f3n, representa un desaf\u00edo para controlar el brote en muchos pa\u00edses.<\/p>\n\n\n\n<p><\/p>\n","protected":false},"excerpt":{"rendered":"<p>Los casos de viruela s\u00edmica aumentan en diferentes pa\u00edses de Am\u00e9rica latina y la Organizaci\u00f3n Mundial de la Salud inform\u00f3 que mantiene su emergencia internacional. La Organizaci\u00f3n Mundial de la Salud (OMS) anunci\u00f3 que mantiene su emergencia internacional por el brote de viruela del mono, declarada el 23 de julio, pese al fuerte aumento de [&hellip;]<\/p>\n","protected":false},"author":18,"featured_media":25190,"comment_status":"closed","ping_status":"closed","sticky":false,"template":"","format":"standard","meta":{"_acf_changed":false,"footnotes":""},"categories":[551],"tags":[2091,1440,352,1685,2092],"class_list":["post-33593","post","type-post","status-publish","format-standard","has-post-thumbnail","hentry","category-noticias","tag-alerta","tag-casos","tag-oms","tag-salud-latinoamericana","tag-viruel-del-mono"],"acf":[],"_links":{"self":[{"href":"https:\/\/ktechproduccion.net\/diariosalud.com\/wp-json\/wp\/v2\/posts\/33593","targetHints":{"allow":["GET"]}}],"collection":[{"href":"https:\/\/ktechproduccion.net\/diariosalud.com\/wp-json\/wp\/v2\/posts"}],"about":[{"href":"https:\/\/ktechproduccion.net\/diariosalud.com\/wp-json\/wp\/v2\/types\/post"}],"author":[{"embeddable":true,"href":"https:\/\/ktechproduccion.net\/diariosalud.com\/wp-json\/wp\/v2\/users\/18"}],"replies":[{"embeddable":true,"href":"https:\/\/ktechproduccion.net\/diariosalud.com\/wp-json\/wp\/v2\/comments?post=33593"}],"version-history":[{"count":0,"href":"https:\/\/ktechproduccion.net\/diariosalud.com\/wp-json\/wp\/v2\/posts\/33593\/revisions"}],"wp:featuredmedia":[{"embeddable":true,"href":"https:\/\/ktechproduccion.net\/diariosalud.com\/wp-json\/wp\/v2\/media\/25190"}],"wp:attachment":[{"href":"https:\/\/ktechproduccion.net\/diariosalud.com\/wp-json\/wp\/v2\/media?parent=33593"}],"wp:term":[{"taxonomy":"category","embeddable":true,"href":"https:\/\/ktechproduccion.net\/diariosalud.com\/wp-json\/wp\/v2\/categories?post=33593"},{"taxonomy":"post_tag","embeddable":true,"href":"https:\/\/ktechproduccion.net\/diariosalud.com\/wp-json\/wp\/v2\/tags?post=33593"}],"curies":[{"name":"wp","href":"https:\/\/api.w.org\/{rel}","templated":true}]}}