{"id":33575,"date":"2022-10-25T19:12:47","date_gmt":"2022-10-25T23:12:47","guid":{"rendered":"https:\/\/diariosalud.com\/uncategorized\/diariosalud-da-cobertura-al-primer-congreso-de-salud-en-el-metaverso\/"},"modified":"2022-10-25T19:12:47","modified_gmt":"2022-10-25T23:12:47","slug":"diariosalud-da-cobertura-al-primer-congreso-de-salud-en-el-metaverso","status":"publish","type":"post","link":"https:\/\/ktechproduccion.net\/diariosalud.com\/diariosalud-da-cobertura-al-primer-congreso-de-salud-en-el-metaverso\/","title":{"rendered":"DiarioSalud da cobertura al primer Congreso de Salud en el Metaverso"},"content":{"rendered":"\n<p>Fu\u00e9 realizado con \u00e9xito el primer <strong>Congreso de Salud en el Metaverso<\/strong>, un evento con grandes expectativas que marca un <strong>hito hist\u00f3rico<\/strong> por ser el primero en su categor\u00eda, durante el evento fueron abordados temas claves en la aplicaci\u00f3n de esta tecnolog\u00eda como son la <strong>gesti\u00f3n, prestaci\u00f3n y<\/strong> <strong>organizaci\u00f3n de los servicios de salud<\/strong> en todas sus dimensiones.<\/p>\n\n\n\n<p><strong>DiarioSalud <\/strong>realiz\u00f3 la cobertura desde el metaverso, donde se convirti\u00f3 en el <strong>primer medio especializado <\/strong>en el \u00e1mbito sanitario en dar cobertura utilizando esta tecnolog\u00eda.<\/p>\n\n\n\n<p>El evento sirvi\u00f3 de espacio de <strong>intercambio para facilitar el crecimiento y desarrollo de iniciativas y proyectos que mejoran la calidad y la eficiencia de los servicios de salud.<\/strong><\/p>\n\n\n\n<p>Uno de sus objetivos consisti\u00f3 en resaltar el manejo de los aportes del metaverso a la gesti\u00f3n de la salud en el \u00e1mbito institucional, as\u00ed como la realizaci\u00f3n de sesiones cl\u00ednicas ampliadas y asistidas con inteligencia artificial y la formaci\u00f3n a profesionales.<\/p>\n\n\n\n<p>Durante el evento se abordaron temas como la <strong>humanizaci\u00f3n de la asistencia y la garant\u00eda de los valores \u00e9ticos, la potenciaci\u00f3n de las escuelas de pacientes, potenciaci\u00f3n de la investigaci\u00f3n biom\u00e9dica en nuevos f\u00e1rmacos, t\u00e9cnicas diagn\u00f3sticas, entre otras<\/strong>.<\/p>\n\n\n\n<p>Esta primera edici\u00f3n<strong> DiarioSalud<\/strong> estuvo como media partner, donde realiz\u00f3 la transmisi\u00f3n de un programa, desde un espacio recreado por el metaverso; en el que se realizaron <strong>entrevistas a diversos profesionales y di\u00e1logos con importantes actores del sector<\/strong>.<\/p>\n\n\n\n<p>Adem\u00e1s, <strong>DiarioSalud<\/strong> realiz\u00f3 interacciones con los participantes y realiz\u00f3 un tour del hospital del metaverso.<\/p>\n\n\n\n<p>Disfruta del programa haciendo click <a href=\"https:\/\/www.linkedin.com\/feed\/update\/urn:li:activity:6990824390657490944\">aqu\u00ed<\/a><\/p>\n","protected":false},"excerpt":{"rendered":"<p>Fu\u00e9 realizado con \u00e9xito el primer Congreso de Salud en el Metaverso, un evento con grandes expectativas que marca un hito hist\u00f3rico por ser el primero en su categor\u00eda, durante el evento fueron abordados temas claves en la aplicaci\u00f3n de esta tecnolog\u00eda como son la gesti\u00f3n, prestaci\u00f3n y organizaci\u00f3n de los servicios de salud en [&hellip;]<\/p>\n","protected":false},"author":18,"featured_media":25768,"comment_status":"closed","ping_status":"closed","sticky":false,"template":"","format":"standard","meta":{"_acf_changed":false,"footnotes":""},"categories":[551],"tags":[2076,449,707,1940,670],"class_list":["post-33575","post","type-post","status-publish","format-standard","has-post-thumbnail","hentry","category-noticias","tag-congreso-de-salud-en-el-metaverso","tag-evento","tag-inteligencia-artificial","tag-media-partner","tag-salud-digital"],"acf":[],"_links":{"self":[{"href":"https:\/\/ktechproduccion.net\/diariosalud.com\/wp-json\/wp\/v2\/posts\/33575","targetHints":{"allow":["GET"]}}],"collection":[{"href":"https:\/\/ktechproduccion.net\/diariosalud.com\/wp-json\/wp\/v2\/posts"}],"about":[{"href":"https:\/\/ktechproduccion.net\/diariosalud.com\/wp-json\/wp\/v2\/types\/post"}],"author":[{"embeddable":true,"href":"https:\/\/ktechproduccion.net\/diariosalud.com\/wp-json\/wp\/v2\/users\/18"}],"replies":[{"embeddable":true,"href":"https:\/\/ktechproduccion.net\/diariosalud.com\/wp-json\/wp\/v2\/comments?post=33575"}],"version-history":[{"count":0,"href":"https:\/\/ktechproduccion.net\/diariosalud.com\/wp-json\/wp\/v2\/posts\/33575\/revisions"}],"wp:featuredmedia":[{"embeddable":true,"href":"https:\/\/ktechproduccion.net\/diariosalud.com\/wp-json\/wp\/v2\/media\/25768"}],"wp:attachment":[{"href":"https:\/\/ktechproduccion.net\/diariosalud.com\/wp-json\/wp\/v2\/media?parent=33575"}],"wp:term":[{"taxonomy":"category","embeddable":true,"href":"https:\/\/ktechproduccion.net\/diariosalud.com\/wp-json\/wp\/v2\/categories?post=33575"},{"taxonomy":"post_tag","embeddable":true,"href":"https:\/\/ktechproduccion.net\/diariosalud.com\/wp-json\/wp\/v2\/tags?post=33575"}],"curies":[{"name":"wp","href":"https:\/\/api.w.org\/{rel}","templated":true}]}}