{"id":33573,"date":"2022-10-25T14:05:50","date_gmt":"2022-10-25T18:05:50","guid":{"rendered":"https:\/\/diariosalud.com\/uncategorized\/como-lograr-mejor-accesibilidad-de-las-vacunas-expertos-lo-explican\/"},"modified":"2022-10-25T14:05:50","modified_gmt":"2022-10-25T18:05:50","slug":"como-lograr-mejor-accesibilidad-de-las-vacunas-expertos-lo-explican","status":"publish","type":"post","link":"https:\/\/ktechproduccion.net\/diariosalud.com\/como-lograr-mejor-accesibilidad-de-las-vacunas-expertos-lo-explican\/","title":{"rendered":"\u00bfC\u00f3mo lograr mejor accesibilidad de las vacunas? \u00a1Expertos lo explican!"},"content":{"rendered":"\n<p><em>La 23\u00ba edici\u00f3n del <strong>Congreso Mundial de Vacunas<\/strong> de Europa reuni\u00f3 a l\u00edderes mundiales de organismos y entidades destacadas de la salud como la Organizaci\u00f3n Mundial de la Salud, Escuela de Medicina de Harvard, Fundaci\u00f3n Bill y Melinda Gates, Universidad de Oxford, Colegio Imperial de Londr\u00e9s, entre otros.<\/em><\/p>\n\n\n\n<p>A trav\u00e9s de este evento se abord\u00f3 la vacunaci\u00f3n mundial desde diversos focos emergentes y reemergentes, ensayos cl\u00ednicos, bioprocesamiento y fabricaci\u00f3n, tecnolog\u00eda, resistencia antimicrobiana y asociaciones.<\/p>\n\n\n\n<p>Uno de los temas presentados durante su celebraci\u00f3n fue \u00ab\u00bfC\u00f3mo hacer que la vacuna sea m\u00e1s accesible?\u00bb, con la finalidad de adoptar una visi\u00f3n del sistema para garantizar la continuidad del suministro desde el dise\u00f1o hasta la entrega. <\/p>\n\n\n\n<p>En ese sentido, <strong>Nico Vandaele<\/strong>, profesor y analista de Investigaci\u00f3n del Centro de Investigaci\u00f3n de acceso a medicamentos en <strong>KULeuven<\/strong> dijo que \u00aben el centro estudian la vacunaci\u00f3n desde el punto de vista de la asistencia y buscan alternativas de c\u00f3mo se puede alcanzar la meta de salud mundial, mediante cadenas de suministro a trav\u00e9s de subsistemas\u00bb. <\/p>\n\n\n\n<p>Afirm\u00f3 que \u00abtoda la cadena de suministro debe estar centrada en el ser humano desde la operaci\u00f3n pero tambi\u00e9n desde la decisi\u00f3n; tanto en el suministro, la fabricaci\u00f3n, la construcci\u00f3n, la investigaci\u00f3n, el desarrollo y en la ayuda p\u00fablica\u00bb. <\/p>\n\n\n\n<p><strong>Vandaele<\/strong> coment\u00f3 \u00abhay que analizar el tema de la inmunizaci\u00f3n en base a cu\u00e1l es el impacto en la salud y si realmente la salud p\u00fablica y las autoridades p\u00fablicas poseen un plan previo de adopci\u00f3n particular en cada pa\u00eds\u00bb. <\/p>\n\n\n\n<p>Adem\u00e1s de acuerdo a su percepci\u00f3n, \u00abel primer aprendizaje es que el tema de la inmunizaci\u00f3n debe retroalimentarse desde el campo a trav\u00e9s de un sistema interconectado y completo\u00bb. <\/p>\n\n\n\n<p>Por otro lado, <strong>Mauro Bernuzzini<\/strong>, l\u00edder de la alianza para financiar y coordinar el desarrollo de nuevas vacunas para prevenir y contener epidemias de enfermedades infecciosas (<strong>CEPI<\/strong>) dice que actualmente est\u00e1n trabajando con un proyecto en \u00c1frica, el cual trata de una especie de f\u00e1brica financiada por la naci\u00f3n y patrocinada por la propia comunidad. <\/p>\n\n\n\n<p class=\"has-text-align-center\" style=\"font-size:29px\"><em>Explic\u00f3 el caso de la Uni\u00f3n Africana, en el cual se estableci\u00f3 el programa que es el marco para \u00c1frica; con el objetivo de fabricar el 60% de la vacuna utilizada en el continente africano para el 2024. <\/em><\/p>\n\n\n\n<p>\u00abEs un objetivo desafiante que requiere de una comprensi\u00f3n de lo que se necesita y la pol\u00edtica de planificaci\u00f3n de lo que se requiere. Deben ocuparse de establecer junto con las f\u00e1bricas y el suministro con un ecosistema que sea capaz de suministrar estas instalaciones, porque con los problemas pol\u00edticos actuales el mercado de las vacunas nunca es suficiente por temas geogr\u00e1ficos y de capacidad para el acceso a las vacunas\u00bb, describi\u00f3 el l\u00edder de la alianza <strong>CEPI<\/strong>.  <\/p>\n\n\n\n<p>\u00abLa idea es que cada pa\u00eds replique un suministro de vacunas particular desde instalaciones  con la creaci\u00f3n de tecnolog\u00edas de vacunas basadas en su propia red y ecosistema\u00bb, afirm\u00f3 <strong>Bernuzzini<\/strong>. <\/p>\n\n\n\n<p><strong>Desarrollo de las vacunas <\/strong><\/p>\n\n\n\n<p>Desde el punto de vista de los desarrolladores de las vacunas, <strong>Ajoy Chakrabarti<\/strong>, del Portfolio &amp; Platform Lead, Polio at Bill &amp; Melinda Gates Foundation afirma que \u00abtodav\u00eda est\u00e1n aprendiendo a medida que avanzan con enfermedades que a\u00fan evolucionan y, que hay algunas lecciones interesantes que se pueden aprender en t\u00e9rminos de acceso a las vacunas\u00bb. <\/p>\n\n\n\n<p>Seg\u00fan determin\u00f3, abordar el \u00abcosto de los bienes vendidos\u00bb ser\u00e1 uno de los principales impulsores del acceso para la poliomielitis, el COVID-19 y la mayor\u00eda de las enfermedades en las que se enfoca la fundaci\u00f3n.  \u00abEstamos tratando de encontrar formas de reducir el costo de los bienes vendidos por los costos y eso es directamente desde la vacuna en s\u00ed\u00bb. <\/p>\n\n\n\n<p>Otro punto que detalla <strong>Chakrabarti<\/strong> es cu\u00e1l es el costo total general de los requisitos del sentido de la cadena de fr\u00edo; un tema complicado que podr\u00eda provocar errores en el usuario. <\/p>\n\n\n\n<p>\u00abEstamos pensando en el costo de los productos para todas las vacunas en las que trabajamos y, ciertamente, para las vacunas COVID es algo que creo que la gente observar\u00e1 m\u00e1s de cerca en el futuro ahora que tenemos el conjunto inicial de vacunas y la poblaci\u00f3n est\u00e1 inmunizada. Creo que la <strong>optimizaci\u00f3n del costo de los bienes<\/strong> es un factor realmente importante\u00bb, puntualiz\u00f3.   <\/p>\n\n\n\n<p>El acceso f\u00edsico a la vacunas es una de las barreras que trabajar para mejorar el acceso, advierte el especialista. \u00abLo que vimos durante la pandemia fue que ciertos pa\u00edses bloquearon sus suministros a ciertos pa\u00edses de altos ingresos y ten\u00edan tantos contratos para desarrolladores que era dif\u00edcil para otros pa\u00edses obtener en la cola y, por lo tanto, para el acceso f\u00edsico\u00bb.<\/p>\n\n\n\n<p>En esa realidad, concluye recomendando \u00abalentar, por ejemplo, la tecnolog\u00eda de ARN porque a pesar de que hay otras tecnolog\u00edas, el ARN es una prioridad en nuevas regiones donde no se ha establecido previamente\u00bb.  <\/p>\n\n\n\n<p> <\/p>\n","protected":false},"excerpt":{"rendered":"<p>La 23\u00ba edici\u00f3n del Congreso Mundial de Vacunas de Europa reuni\u00f3 a l\u00edderes mundiales de organismos y entidades destacadas de la salud como la Organizaci\u00f3n Mundial de la Salud, Escuela de Medicina de Harvard, Fundaci\u00f3n Bill y Melinda Gates, Universidad de Oxford, Colegio Imperial de Londr\u00e9s, entre otros. A trav\u00e9s de este evento se abord\u00f3 [&hellip;]<\/p>\n","protected":false},"author":18,"featured_media":26019,"comment_status":"closed","ping_status":"closed","sticky":false,"template":"","format":"standard","meta":{"_acf_changed":false,"footnotes":""},"categories":[551],"tags":[2033,2074,2075],"class_list":["post-33573","post","type-post","status-publish","format-standard","has-post-thumbnail","hentry","category-noticias","tag-congreso-mundial-de-vacunas","tag-fundacion-bill-y-melinda-gates","tag-inmunizacion-mundial"],"acf":[],"_links":{"self":[{"href":"https:\/\/ktechproduccion.net\/diariosalud.com\/wp-json\/wp\/v2\/posts\/33573","targetHints":{"allow":["GET"]}}],"collection":[{"href":"https:\/\/ktechproduccion.net\/diariosalud.com\/wp-json\/wp\/v2\/posts"}],"about":[{"href":"https:\/\/ktechproduccion.net\/diariosalud.com\/wp-json\/wp\/v2\/types\/post"}],"author":[{"embeddable":true,"href":"https:\/\/ktechproduccion.net\/diariosalud.com\/wp-json\/wp\/v2\/users\/18"}],"replies":[{"embeddable":true,"href":"https:\/\/ktechproduccion.net\/diariosalud.com\/wp-json\/wp\/v2\/comments?post=33573"}],"version-history":[{"count":0,"href":"https:\/\/ktechproduccion.net\/diariosalud.com\/wp-json\/wp\/v2\/posts\/33573\/revisions"}],"wp:featuredmedia":[{"embeddable":true,"href":"https:\/\/ktechproduccion.net\/diariosalud.com\/wp-json\/wp\/v2\/media\/26019"}],"wp:attachment":[{"href":"https:\/\/ktechproduccion.net\/diariosalud.com\/wp-json\/wp\/v2\/media?parent=33573"}],"wp:term":[{"taxonomy":"category","embeddable":true,"href":"https:\/\/ktechproduccion.net\/diariosalud.com\/wp-json\/wp\/v2\/categories?post=33573"},{"taxonomy":"post_tag","embeddable":true,"href":"https:\/\/ktechproduccion.net\/diariosalud.com\/wp-json\/wp\/v2\/tags?post=33573"}],"curies":[{"name":"wp","href":"https:\/\/api.w.org\/{rel}","templated":true}]}}