{"id":33537,"date":"2022-10-11T18:49:51","date_gmt":"2022-10-11T22:49:51","guid":{"rendered":"https:\/\/diariosalud.com\/uncategorized\/expertos-analizan-formas-de-mantener-la-digitalizacion-en-los-sistemas-de-salud-post-covid-19\/"},"modified":"2022-10-11T18:49:51","modified_gmt":"2022-10-11T22:49:51","slug":"expertos-analizan-formas-de-mantener-la-digitalizacion-en-los-sistemas-de-salud-post-covid-19","status":"publish","type":"post","link":"https:\/\/ktechproduccion.net\/diariosalud.com\/expertos-analizan-formas-de-mantener-la-digitalizacion-en-los-sistemas-de-salud-post-covid-19\/","title":{"rendered":"Expertos analizan formas de mantener la digitalizaci\u00f3n en los sistemas de salud post covid-19"},"content":{"rendered":"\n<p><em>La pandemia supuso una carga inmensa para los sistemas de salud de todo el mundo. Al mismo tiempo, expuso una serie de oportunidades que radican en el uso de datos de salud en tiempo real para diagn\u00f3stico, tratamiento y prevenci\u00f3n, as\u00ed como la divulgaci\u00f3n de soluciones de telesalud y eSalud.<\/em><\/p>\n\n\n\n<p>En el marco de la <strong>IV Cumbre de la Sociedad de la Salud Digital<\/strong>-evento que promueve la innovaci\u00f3n, la investigaci\u00f3n, los proyectos financiados con fondos europeos y el abordaje de los \u00faltimos desaf\u00edos digitales en salud- se expuso la necesidad de que los sistemas de salud mundial aseguren que el uso de datos y soluciones digitales contin\u00fae y no vuelva a los niveles previos a la pandemia.<\/p>\n\n\n\n<p>En ese sentido, <strong>Angela Brand<\/strong>, directora de la <strong><a href=\"https:\/\/echalliance.com\/digital-health-society-summit-2022\/\">Sociedad de la Salud Digital<\/a><\/strong> y profesora en el Departamento de Salud Internacional y fundadora del Instituto de Gen\u00f3mica de la Salud P\u00fablica de la Facultad de Salud Medicina en la <strong>Universidad de Maastricht<\/strong>, explic\u00f3 que las partes interesadas claves en lograrlo son los gobiernos, medios tradicionales y las redes sociales. <\/p>\n\n\n\n<p>\u00abLa innovaci\u00f3n tecnol\u00f3gica e innovaci\u00f3n social deben ir de la mano. Esto incluye las herramientas anal\u00edticas de la \u00abbig data\u00bb y AI que incluye, por supuesto, el aprendizaje profundo del aprendizaje autom\u00e1tico y que nos permite una digitalizaci\u00f3n profunda, as\u00ed como la capacidad de recopilar datos para establecer tendencias; todo esto asegura el mantenimiento de la digitalizaci\u00f3n en los sistemas de salud\u00bb, afirm\u00f3 la directora durante la <a href=\"https:\/\/ktechproduccion.net\/diariosalud.com\/alianza-echa-la-comunidad-que-une-ecosistemas-de-salud-digital-de-europa-y-el-mundo-como-ser-parte\/\">IV Cumbre de la Sociedad de la Salud Digital<\/a>. <\/p>\n\n\n\n<p class=\"has-text-align-center\" style=\"font-size:29px\"><em>Tambi\u00e9n dijo que \u00abm\u00e1s ciudadanos quieren estar al control de su propio estado de salud y ese es el tema de la cumbre; instruir en esta realidad, que est\u00e1 transformando los sistemas de salud y sus responsabilidades actuales\u00bb. <\/em><\/p>\n\n\n\n<p>En ese sentido, <strong>Eddie O\u2019Neill<\/strong>, m\u00e9dico en atenci\u00f3n de urgencia prehospitalaria y tecn\u00f3logo (director del Servicio de Certificaci\u00f3n COVID) detall\u00f3 que los sistemas de salud han tenido un cambio de paradigma en el enfoque y esto ayud\u00f3 a acelerar la adopci\u00f3n digital. <\/p>\n\n\n\n<figure class=\"wp-block-image size-large\"><img decoding=\"async\" src=\"https:\/\/ktechproduccion.net\/diariosalud.com\/wp-content\/uploads\/2022\/10\/Curso-20-5.jpg\" alt=\"\" class=\"wp-image-54521\"\/><\/figure>\n\n\n\n<p>Al respecto sobre mantener la digitalizaci\u00f3n en los sistemas de salud, <strong>O\u2019Neill<\/strong> recomend\u00f3: \u00abcrear un \u00ab<strong>interruptor digital<\/strong>\u00bb que quite la presi\u00f3n del material cl\u00ednico de primera l\u00ednea y le d\u00e9 al p\u00fablico acceso al servicio digital. Adem\u00e1s dejar un legado de ciudadanos identificados digitalmente, capaces de acceder a m\u00e1s servicios de salud digitales a medida que reconstruimos m\u00e1s all\u00e1 de la pandemia\u00bb.<\/p>\n\n\n\n<p>As\u00ed como \u00abdesarrollar y entregar productos y servicios digitales a un ritmo y una escala sin precedentes y por supuesto, cambiar la cultura y demostrar el apetito p\u00fablico por el servicio digital\u00bb, asegur\u00f3 el doctor Eddie O\u2019Neill. <\/p>\n\n\n\n<figure class=\"wp-block-image size-large\"><img decoding=\"async\" src=\"https:\/\/ktechproduccion.net\/diariosalud.com\/wp-content\/uploads\/2022\/10\/Curso-21-2.jpg\" alt=\"\" class=\"wp-image-54532\"\/><\/figure>\n\n\n\n<p>El doctor revel\u00f3 que, \u00abun estudio de <strong>Mckinsey<\/strong> indic\u00f3 que los pa\u00edses que implementan un esquema de identificaci\u00f3n digital, pueden aumentar su producto interno bruto entre un 3 % y un 13 % para 2030&#8243;. <\/p>\n\n\n\n<p>Concluy\u00f3 determinando que  \u00ablos sistemas necesitan redistribuir menos recursos para mejorar el alcance y la calidad del servicio de salud, a trav\u00e9s de los setores involucrados y los gobiernos mundiales\u00bb. <\/p>\n\n\n\n<p>  <\/p>\n","protected":false},"excerpt":{"rendered":"<p>La pandemia supuso una carga inmensa para los sistemas de salud de todo el mundo. Al mismo tiempo, expuso una serie de oportunidades que radican en el uso de datos de salud en tiempo real para diagn\u00f3stico, tratamiento y prevenci\u00f3n, as\u00ed como la divulgaci\u00f3n de soluciones de telesalud y eSalud. En el marco de la [&hellip;]<\/p>\n","protected":false},"author":18,"featured_media":25928,"comment_status":"closed","ping_status":"closed","sticky":false,"template":"","format":"standard","meta":{"_acf_changed":false,"footnotes":""},"categories":[551],"tags":[669,2026,2027,2028,2029],"class_list":["post-33537","post","type-post","status-publish","format-standard","has-post-thumbnail","hentry","category-noticias","tag-esalud","tag-iv-cumbre-de-la-sociedad-de-la-salud-digital","tag-sistemas-sanitarios","tag-sociedad-de-la-salud-digital","tag-telesalud"],"acf":[],"_links":{"self":[{"href":"https:\/\/ktechproduccion.net\/diariosalud.com\/wp-json\/wp\/v2\/posts\/33537","targetHints":{"allow":["GET"]}}],"collection":[{"href":"https:\/\/ktechproduccion.net\/diariosalud.com\/wp-json\/wp\/v2\/posts"}],"about":[{"href":"https:\/\/ktechproduccion.net\/diariosalud.com\/wp-json\/wp\/v2\/types\/post"}],"author":[{"embeddable":true,"href":"https:\/\/ktechproduccion.net\/diariosalud.com\/wp-json\/wp\/v2\/users\/18"}],"replies":[{"embeddable":true,"href":"https:\/\/ktechproduccion.net\/diariosalud.com\/wp-json\/wp\/v2\/comments?post=33537"}],"version-history":[{"count":0,"href":"https:\/\/ktechproduccion.net\/diariosalud.com\/wp-json\/wp\/v2\/posts\/33537\/revisions"}],"wp:featuredmedia":[{"embeddable":true,"href":"https:\/\/ktechproduccion.net\/diariosalud.com\/wp-json\/wp\/v2\/media\/25928"}],"wp:attachment":[{"href":"https:\/\/ktechproduccion.net\/diariosalud.com\/wp-json\/wp\/v2\/media?parent=33537"}],"wp:term":[{"taxonomy":"category","embeddable":true,"href":"https:\/\/ktechproduccion.net\/diariosalud.com\/wp-json\/wp\/v2\/categories?post=33537"},{"taxonomy":"post_tag","embeddable":true,"href":"https:\/\/ktechproduccion.net\/diariosalud.com\/wp-json\/wp\/v2\/tags?post=33537"}],"curies":[{"name":"wp","href":"https:\/\/api.w.org\/{rel}","templated":true}]}}