{"id":33536,"date":"2022-10-10T20:59:04","date_gmt":"2022-10-11T00:59:04","guid":{"rendered":"https:\/\/diariosalud.com\/uncategorized\/regresa-el-congreso-mundial-de-vacunas-y-diariosalud-cubrira\/"},"modified":"2022-10-10T20:59:04","modified_gmt":"2022-10-11T00:59:04","slug":"regresa-el-congreso-mundial-de-vacunas-y-diariosalud-cubrira","status":"publish","type":"post","link":"https:\/\/ktechproduccion.net\/diariosalud.com\/regresa-el-congreso-mundial-de-vacunas-y-diariosalud-cubrira\/","title":{"rendered":"Regresa el Congreso Mundial de Vacunas y DiarioSalud cubrir\u00e1 sus incidencias"},"content":{"rendered":"\n<p><em><br>El <strong>Congreso Mundial de Vacunas<\/strong> se celebrar\u00e1 del 11 al 14 de octubre 2022, en el  Palacio de Congresos de Barcelona, Espa\u00f1a.<\/em>  <\/p>\n\n\n\n<p>Este congreso posee una serie galardonada de conferencias y exhibiciones, que han crecido hasta convertirse en el evento de vacunas m\u00e1s grande y establecido de su tipo en todo el mundo.<\/p>\n\n\n\n<p>En su <strong>23\u00ba<\/strong> edici\u00f3n, el <strong>Congreso Mundial de Vacunas<\/strong> de Europa tendr\u00e1 como temas principales el bioprocesamiento y fabricaci\u00f3n, c\u00e1ncer -inmunoterapia, enfermedades respiratorias e infecciosas, perfiles inmunol\u00f3gicos, seguridad de vacunas, asociaciones de vacunas, suministro y log\u00edstica de vacunas y biodefensa. <\/p>\n\n\n\n<p>Los conferencistas que abordar\u00e1n estos temas son l\u00edderes mundiales de organismos y entidades destacadas de la salud como la Organizaci\u00f3n Mundial de la Salud, Escuela de Medicina de Harvard, Fundaci\u00f3n Bill y Melinda Gates, Universidad de Oxford, Colegio Imperial de Londr\u00e9s, etc. <\/p>\n\n\n\n<p>Adem\u00e1s, tambi\u00e9n participar\u00e1n en el evento oradores de importantes compan\u00edas de la industria de la salud entre ellas: Batavia, GSK, Novavax, Janssen, Moderna, CEPI, Sanofi, Merck, BionTech, Farmajet, Zoetis y otras. <a href=\"https:\/\/www.terrapinn.com\/conference\/world-vaccine-congress-europe\/index.stm\">Mira todos los conferencistas aqu\u00ed. <\/a><\/p>\n\n\n\n<p>El Congreso busca reunir a las personas y empresas que est\u00e1n cambiando el futuro de las vacunas, con el objetivo de facilitar nuevas directrices y actualizaciones al sector salud en el tema de la inmunizaci\u00f3n a nivel general. <\/p>\n\n\n\n<p>Abordando la vacunaci\u00f3n mundial desde diversos focos emergentes y reemergentes, ensayos cl\u00ednicos, bioprocesamiento y fabricaci\u00f3n, tecnolog\u00eda,  resistencia antimicrobiana y asociaciones. <\/p>\n","protected":false},"excerpt":{"rendered":"<p>El Congreso Mundial de Vacunas se celebrar\u00e1 del 11 al 14 de octubre 2022, en el Palacio de Congresos de Barcelona, Espa\u00f1a. Este congreso posee una serie galardonada de conferencias y exhibiciones, que han crecido hasta convertirse en el evento de vacunas m\u00e1s grande y establecido de su tipo en todo el mundo. En su [&hellip;]<\/p>\n","protected":false},"author":18,"featured_media":25923,"comment_status":"closed","ping_status":"closed","sticky":false,"template":"","format":"standard","meta":{"_acf_changed":false,"footnotes":""},"categories":[551],"tags":[2023,2024,2025,1028,317],"class_list":["post-33536","post","type-post","status-publish","format-standard","has-post-thumbnail","hentry","category-noticias","tag-23o-edicion-del-congreso-mundial-de-vacunas","tag-actualizacion-mundial","tag-cobertura-diariosalud","tag-eventos","tag-vacunas"],"acf":[],"_links":{"self":[{"href":"https:\/\/ktechproduccion.net\/diariosalud.com\/wp-json\/wp\/v2\/posts\/33536","targetHints":{"allow":["GET"]}}],"collection":[{"href":"https:\/\/ktechproduccion.net\/diariosalud.com\/wp-json\/wp\/v2\/posts"}],"about":[{"href":"https:\/\/ktechproduccion.net\/diariosalud.com\/wp-json\/wp\/v2\/types\/post"}],"author":[{"embeddable":true,"href":"https:\/\/ktechproduccion.net\/diariosalud.com\/wp-json\/wp\/v2\/users\/18"}],"replies":[{"embeddable":true,"href":"https:\/\/ktechproduccion.net\/diariosalud.com\/wp-json\/wp\/v2\/comments?post=33536"}],"version-history":[{"count":0,"href":"https:\/\/ktechproduccion.net\/diariosalud.com\/wp-json\/wp\/v2\/posts\/33536\/revisions"}],"wp:featuredmedia":[{"embeddable":true,"href":"https:\/\/ktechproduccion.net\/diariosalud.com\/wp-json\/wp\/v2\/media\/25923"}],"wp:attachment":[{"href":"https:\/\/ktechproduccion.net\/diariosalud.com\/wp-json\/wp\/v2\/media?parent=33536"}],"wp:term":[{"taxonomy":"category","embeddable":true,"href":"https:\/\/ktechproduccion.net\/diariosalud.com\/wp-json\/wp\/v2\/categories?post=33536"},{"taxonomy":"post_tag","embeddable":true,"href":"https:\/\/ktechproduccion.net\/diariosalud.com\/wp-json\/wp\/v2\/tags?post=33536"}],"curies":[{"name":"wp","href":"https:\/\/api.w.org\/{rel}","templated":true}]}}