{"id":33514,"date":"2022-10-03T21:20:44","date_gmt":"2022-10-04T01:20:44","guid":{"rendered":"https:\/\/diariosalud.com\/uncategorized\/como-detectar-trastornos-de-conducta-alimentariaparticipa-de-la-conferencia-que-dara-las-respuestas\/"},"modified":"2022-10-03T21:20:44","modified_gmt":"2022-10-04T01:20:44","slug":"como-detectar-trastornos-de-conducta-alimentariaparticipa-de-la-conferencia-que-dara-las-respuestas","status":"publish","type":"post","link":"https:\/\/ktechproduccion.net\/diariosalud.com\/como-detectar-trastornos-de-conducta-alimentariaparticipa-de-la-conferencia-que-dara-las-respuestas\/","title":{"rendered":"\u00bfC\u00f3mo detectar trastornos de conducta alimentaria?\u00a1Participa de la conferencia que dar\u00e1 las respuestas!"},"content":{"rendered":"\n<p><em>El encuentro interactivo se realizar\u00e1 el 4 de octubre a las 9:00 a.m.(hora Costa Rica). <\/em><\/p>\n\n\n\n<p>Con el objetivo de orientar a las familias para crear y mantener h\u00e1bitos alimentarios saludables luego de los cambios producidos por la pandemia, el <strong>Ministerio de Salud de Costa Rica<\/strong>, as\u00ed como su Ministerio de Educaci\u00f3n P\u00fablica(MEP) y el Patronato Nacional de la Infancia (PANI) invitan a la conferencia virtual de prensa \u00ab<strong>El rol de la familia en la prevenci\u00f3n y detecci\u00f3n de trastornos de la conducta alimentaria<\/strong>\u00ab. <\/p>\n\n\n\n<p>La conferencia organizada de la mano del <strong>Colegio de Profesionales en Nutrici\u00f3n<\/strong> y el <strong>Colegio de Profesionales en Psicolog\u00eda de Costa Rica<\/strong>, busca promocionar la campa\u00f1a \u00abCuid\u00e9monos Nutritivamente\u00bb, no solo para Costa Rica sino para toda Latinoam\u00e9rica, por eso se llevar\u00e1 a cabo en formato virtual.<\/p>\n\n\n\n<p>En la misma se explicar\u00e1 la realidad sobre las causas psicol\u00f3gicas que afectan los h\u00e1bitos alimentarios de la familia, datos ocultos por cada caso, mitos y realidades en torno a anorexia, bulimia, atracones, entre otros. <\/p>\n\n\n\n<p>En ese sentido, la doctora <strong>Rosanna Mauro De Maya<\/strong>, nutricionista y vocera del Colegio de Profesionales en Nutrici\u00f3n (CPN) hablar\u00e1 sobre los trastornos de la conducta alimentaria: se\u00f1ales de alerta y tratamiento; por otro lado, <strong>Laura Mu\u00f1oz Arguedas<\/strong>, quien es psic\u00f3loga y miembro de la Comisi\u00f3n de Des\u00f3rdenes de la Conducta Alimentaria del Colegio de Profesionales en Psicolog\u00eda de Costa Rica (CPPCR) estar\u00e1 abordando la \u00abrelaci\u00f3n con la comida: una aproximaci\u00f3n psicol\u00f3gica\u00bb.<\/p>\n\n\n\n<p> Para ver todos los ponentes click <a href=\"https:\/\/cuidemonosnutritivamente.com\">aqu\u00ed<\/a> y registrarse en la conferencia. <br><\/p>\n\n\n\n<p><\/p>\n","protected":false},"excerpt":{"rendered":"<p>El encuentro interactivo se realizar\u00e1 el 4 de octubre a las 9:00 a.m.(hora Costa Rica). Con el objetivo de orientar a las familias para crear y mantener h\u00e1bitos alimentarios saludables luego de los cambios producidos por la pandemia, el Ministerio de Salud de Costa Rica, as\u00ed como su Ministerio de Educaci\u00f3n P\u00fablica(MEP) y el Patronato [&hellip;]<\/p>\n","protected":false},"author":18,"featured_media":25861,"comment_status":"closed","ping_status":"closed","sticky":false,"template":"","format":"standard","meta":{"_acf_changed":false,"footnotes":""},"categories":[551],"tags":[690,1994,1995],"class_list":["post-33514","post","type-post","status-publish","format-standard","has-post-thumbnail","hentry","category-noticias","tag-conferencia","tag-ministerio-de-salud-de-costa-rica","tag-trastornos-de-conducta-alimentaria"],"acf":[],"_links":{"self":[{"href":"https:\/\/ktechproduccion.net\/diariosalud.com\/wp-json\/wp\/v2\/posts\/33514","targetHints":{"allow":["GET"]}}],"collection":[{"href":"https:\/\/ktechproduccion.net\/diariosalud.com\/wp-json\/wp\/v2\/posts"}],"about":[{"href":"https:\/\/ktechproduccion.net\/diariosalud.com\/wp-json\/wp\/v2\/types\/post"}],"author":[{"embeddable":true,"href":"https:\/\/ktechproduccion.net\/diariosalud.com\/wp-json\/wp\/v2\/users\/18"}],"replies":[{"embeddable":true,"href":"https:\/\/ktechproduccion.net\/diariosalud.com\/wp-json\/wp\/v2\/comments?post=33514"}],"version-history":[{"count":0,"href":"https:\/\/ktechproduccion.net\/diariosalud.com\/wp-json\/wp\/v2\/posts\/33514\/revisions"}],"wp:featuredmedia":[{"embeddable":true,"href":"https:\/\/ktechproduccion.net\/diariosalud.com\/wp-json\/wp\/v2\/media\/25861"}],"wp:attachment":[{"href":"https:\/\/ktechproduccion.net\/diariosalud.com\/wp-json\/wp\/v2\/media?parent=33514"}],"wp:term":[{"taxonomy":"category","embeddable":true,"href":"https:\/\/ktechproduccion.net\/diariosalud.com\/wp-json\/wp\/v2\/categories?post=33514"},{"taxonomy":"post_tag","embeddable":true,"href":"https:\/\/ktechproduccion.net\/diariosalud.com\/wp-json\/wp\/v2\/tags?post=33514"}],"curies":[{"name":"wp","href":"https:\/\/api.w.org\/{rel}","templated":true}]}}