{"id":33502,"date":"2022-09-27T21:29:45","date_gmt":"2022-09-28T01:29:45","guid":{"rendered":"https:\/\/diariosalud.com\/uncategorized\/participa-de-las-actividades-de-la-ops\/"},"modified":"2022-09-27T21:29:45","modified_gmt":"2022-09-28T01:29:45","slug":"participa-de-las-actividades-de-la-ops","status":"publish","type":"post","link":"https:\/\/ktechproduccion.net\/diariosalud.com\/participa-de-las-actividades-de-la-ops\/","title":{"rendered":"\u00a1Participa de las actividades de la OPS!"},"content":{"rendered":"\n<p><em>Estas son las \u00faltimas actividades de la Organizaci\u00f3n Panamericana de la Salud en el mes de septiembre. <\/em><\/p>\n\n\n\n<p><strong>Webinario: Experiencias de aplicaci\u00f3n de la Hoja de Ruta de la OMS sobre Productos Qu\u00edmicos en Am\u00e9rica Latina<\/strong><\/p>\n\n\n\n<p><strong>Fecha:<\/strong>\u00a0jueves, 29 de septiembre del 2022<br><strong>Hora:<\/strong>\u00a013:30 \u2013 15:00 (hora de Panam\u00e1)<\/p>\n\n\n\n<p>Este webinario, organizado por la unidad Cambio clim\u00e1tico y determinantes ambientales de la salud y el Campus Virtual de la OPS tiene como objetivo promover la discusi\u00f3n sobre las experiencias del sector de la salud de algunos pa\u00edses de la Am\u00e9rica Latina, en la gesti\u00f3n de los productos qu\u00edmicos, considerando el contexto internacional del desarrollo e implementaci\u00f3n del Enfoque estrat\u00e9gico.<\/p>\n\n\n\n<p><strong>P\u00fablico:<\/strong> Profesionales interesados en salud p\u00fablica, salud ambiental, tomadores de decisiones, adem\u00e1s de participantes registrados en el Curso Hoja de Ruta de la OMS sobre Productos Qu\u00edmicos.<\/p>\n\n\n\n<p>M\u00e1s informaci\u00f3n e inscripci\u00f3n <a href=\"https:\/\/www.paho.org\/es\/eventos\/webinario-experiencias-aplicacion-hoja-ruta-oms-sobre-productos-quimicos-america-latina\">aqu\u00ed<\/a><\/p>\n\n\n\n<p><strong>D\u00eda Mundial contra la Rabia 2022<\/strong><\/p>\n\n\n\n<p><strong>D\u00eda:<\/strong>\u00a0\u00a0Jueves, 29 de septiembre del 2022<br><strong>Hora:<\/strong>\u00a010:00 &#8211; 13:00 hrs. (Horario Central de M\u00e9xico)<br><strong>Idioma:<\/strong>\u00a0Espa\u00f1ol<\/p>\n\n\n\n<p>Este evento hace referencia a la celebraci\u00f3n anual del D\u00eda Mundial contra la Rabia (DMR), el 28 de septiembre, fecha en la cual se promueve la lucha contra esta enfermedad mortal, pero 100% prevenible por vacunaci\u00f3n, siendo el tema de este a\u00f1o \u00abRabia; Una Salud, Cero Muertes\u00bb como recordatorio de que la eliminaci\u00f3n de la rabia es posible a trav\u00e9s de la colaboraci\u00f3n intersectorial.<\/p>\n\n\n\n<p><strong>P\u00fablico:<\/strong> Personal de atenci\u00f3n m\u00e9dica, operativo, laboratorio, epidemiolog\u00eda, promoci\u00f3n y acad\u00e9mico de los sectores de Salud Animal, Salud Ambiental y Salud Humana vinculados al control y prevenci\u00f3n de la Rabia en el pa\u00eds.<\/p>\n\n\n\n<p>M\u00e1s informaci\u00f3n e inscripci\u00f3n <a href=\"https:\/\/www.paho.org\/es\/eventos\/dia-mundial-contra-rabia-2022\">aqu\u00ed<\/a><\/p>\n\n\n\n<p><strong>El rol de la percepci\u00f3n de riesgo y comunicaci\u00f3n en la preparaci\u00f3n ante emergencias y desastres<\/strong><\/p>\n\n\n\n<p><strong>D\u00eda:<\/strong>\u00a0 Viernes, 30 de septiembre del 2022<br><strong>Hora:<\/strong>\u00a010:00 &#8211; 12.30 hrs (Hora Central M\u00e9xico)<\/p>\n\n\n\n<p>El mundo es testigo y lo ser\u00e1 cada vez m\u00e1s, de verdaderas batallas pol\u00edticas sobre las percepciones de los riesgos y las respuestas que las sociedades. Estas batallas consisten cada vez m\u00e1s, en intensas contiendas para influir en la conformaci\u00f3n de una variedad de percepciones del riesgo y en la orientaci\u00f3n de las respuestas colectivas, ya sean conductuales, pol\u00edticas, sociales o de pol\u00edticas en diferentes \u00e1mbitos.<\/p>\n\n\n\n<p>El objetivo de esta actividad es promover un di\u00e1logo global sobre la relevancia estrat\u00e9gica de la percepci\u00f3n de los riesgos y la comunicaci\u00f3n de los mismos en la preparaci\u00f3n y respuesta ante emergencias y desastres.<\/p>\n\n\n\n<p>M\u00e1s informaci\u00f3n e inscripci\u00f3n <a href=\"https:\/\/www.paho.org\/es\/eventos\/rol-percepcion-riesgo-comunicacion-preparacion-ante-emergencias-desastres\">aqu\u00ed <\/a><\/p>\n","protected":false},"excerpt":{"rendered":"<p>Estas son las \u00faltimas actividades de la Organizaci\u00f3n Panamericana de la Salud en el mes de septiembre. Webinario: Experiencias de aplicaci\u00f3n de la Hoja de Ruta de la OMS sobre Productos Qu\u00edmicos en Am\u00e9rica Latina Fecha:\u00a0jueves, 29 de septiembre del 2022Hora:\u00a013:30 \u2013 15:00 (hora de Panam\u00e1) Este webinario, organizado por la unidad Cambio clim\u00e1tico y [&hellip;]<\/p>\n","protected":false},"author":18,"featured_media":25857,"comment_status":"closed","ping_status":"closed","sticky":false,"template":"","format":"standard","meta":{"_acf_changed":false,"footnotes":""},"categories":[551],"tags":[1094,772,1980,303],"class_list":["post-33502","post","type-post","status-publish","format-standard","has-post-thumbnail","hentry","category-noticias","tag-actividades","tag-ops","tag-septiembre2022","tag-webinars"],"acf":[],"_links":{"self":[{"href":"https:\/\/ktechproduccion.net\/diariosalud.com\/wp-json\/wp\/v2\/posts\/33502","targetHints":{"allow":["GET"]}}],"collection":[{"href":"https:\/\/ktechproduccion.net\/diariosalud.com\/wp-json\/wp\/v2\/posts"}],"about":[{"href":"https:\/\/ktechproduccion.net\/diariosalud.com\/wp-json\/wp\/v2\/types\/post"}],"author":[{"embeddable":true,"href":"https:\/\/ktechproduccion.net\/diariosalud.com\/wp-json\/wp\/v2\/users\/18"}],"replies":[{"embeddable":true,"href":"https:\/\/ktechproduccion.net\/diariosalud.com\/wp-json\/wp\/v2\/comments?post=33502"}],"version-history":[{"count":0,"href":"https:\/\/ktechproduccion.net\/diariosalud.com\/wp-json\/wp\/v2\/posts\/33502\/revisions"}],"wp:featuredmedia":[{"embeddable":true,"href":"https:\/\/ktechproduccion.net\/diariosalud.com\/wp-json\/wp\/v2\/media\/25857"}],"wp:attachment":[{"href":"https:\/\/ktechproduccion.net\/diariosalud.com\/wp-json\/wp\/v2\/media?parent=33502"}],"wp:term":[{"taxonomy":"category","embeddable":true,"href":"https:\/\/ktechproduccion.net\/diariosalud.com\/wp-json\/wp\/v2\/categories?post=33502"},{"taxonomy":"post_tag","embeddable":true,"href":"https:\/\/ktechproduccion.net\/diariosalud.com\/wp-json\/wp\/v2\/tags?post=33502"}],"curies":[{"name":"wp","href":"https:\/\/api.w.org\/{rel}","templated":true}]}}