{"id":33483,"date":"2022-09-20T22:07:01","date_gmt":"2022-09-21T02:07:01","guid":{"rendered":"https:\/\/diariosalud.com\/uncategorized\/lanzan-canal-de-podcasts-sobre-fibrosis-pulmonar-idiopatica\/"},"modified":"2022-09-20T22:07:01","modified_gmt":"2022-09-21T02:07:01","slug":"lanzan-canal-de-podcasts-sobre-fibrosis-pulmonar-idiopatica","status":"publish","type":"post","link":"https:\/\/ktechproduccion.net\/diariosalud.com\/lanzan-canal-de-podcasts-sobre-fibrosis-pulmonar-idiopatica\/","title":{"rendered":"Lanzan canal de podcasts sobre fibrosis pulmonar idiop\u00e1tica"},"content":{"rendered":"\n<p><span style=\"font-weight: 600;\"><i><strong>Farmac\u00e9utica<\/strong><\/i><\/span><i> alemana lanza un nuevo canal de podcasts de la mano de pacientes y especialistas para concienciar sobre la fibrosis pulmonar idiop\u00e1tica (FPI). <\/i><\/p>\n\n\n\n<p><strong>Boehringer Ingelheim<\/strong> es una de las 20 compa\u00f1\u00edas farmac\u00e9uticas l\u00edderes en el mundo, el cual cre\u00f3 un nuevo canal de podcasts de la mano de pacientes y especialistas para concienciar sobre la fibrosis pulmonar idiop\u00e1tica (FPI). <\/p>\n\n\n\n<p>El canal titulado \u00ab<strong>Charlas en el backstage<\/strong>\u00bb nace como un espacio de di\u00e1logo, moderado por el divulgador cient\u00edfico <strong>Ignacio Crespo<\/strong>, en el que m\u00fasica y salud convergen para ayudar a todos los p\u00fablicos a entender las principales implicaciones de la FPI; una enfermedad cr\u00f3nica, progresiva y de causa desconocida en la que los pulmones se cicatrizen, lo que provoca la dificultad para respirar.<\/p>\n\n\n\n<p>Estos podcasts buscan trasladar esta enfermedad al terreno de la salud y constituyen un llamamiento a la importancia de actuar todos, coordinados para el diagn\u00f3stico y tratamiento de esta afecci\u00f3n.<\/p>\n\n\n\n<p class=\"has-text-align-center\" style=\"font-size:29px\"><em>El canal cuenta con 5 podcasts que analizan la FPI de forma transversal, desde el diagn\u00f3stico y la investigaci\u00f3n, pasando por la labor de las sociedades cient\u00edficas y asociaciones de pacientes, as\u00ed como los consejos para la gesti\u00f3n emocional y f\u00edsica de la enfermedad.<\/em><\/p>\n\n\n\n<p>Con respecto al objetivo de esta creaci\u00f3n,<strong> Elena Gobartt<\/strong>, gerente de <strong>Medical Affairs Specialty Care<\/strong> de Boehringer Ingelheim Espa\u00f1a, se\u00f1ala el compromiso de la compa\u00f1\u00eda por visibilizar enfermedades raras como la FPI indicando y que hablar de<a href=\"https:\/\/ktechproduccion.net\/diariosalud.com\/realizan-primer-registro-latinoamericano-de-fibrosis-pulmonar-miopatica\/\"> FPI<\/a>, a trav\u00e9s de la m\u00fasica ha permitido acercar una patolog\u00eda minoritaria a los diferentes p\u00fablicos implicados en su abordaje utilizando conceptos m\u00e1s comunes, un factor clave para que la enfermedad, sus s\u00edntomas y necesidades resuenen cada vez m\u00e1s.<\/p>\n\n\n\n<p><strong>Gobartt<\/strong> determin\u00f3: \u00ab<em>Esperamos que estos podcasts sirvan como una fuente m\u00e1s de aprendizaje y recomendaciones de cara a pacientes y profesionales, los dos p\u00fablicos por los que somos y queremos seguir siendo una plataforma de conocimientos<\/em>\u201d.<\/p>\n\n\n\n<p>Puedes escuchar los podcasts <a href=\"https:\/\/www.vivirconfibrosispulmonar.com\/podcast_fpi\">aqu\u00ed<\/a>. <\/p>\n","protected":false},"excerpt":{"rendered":"<p>Farmac\u00e9utica alemana lanza un nuevo canal de podcasts de la mano de pacientes y especialistas para concienciar sobre la fibrosis pulmonar idiop\u00e1tica (FPI). Boehringer Ingelheim es una de las 20 compa\u00f1\u00edas farmac\u00e9uticas l\u00edderes en el mundo, el cual cre\u00f3 un nuevo canal de podcasts de la mano de pacientes y especialistas para concienciar sobre la [&hellip;]<\/p>\n","protected":false},"author":18,"featured_media":25801,"comment_status":"closed","ping_status":"closed","sticky":false,"template":"","format":"standard","meta":{"_acf_changed":false,"footnotes":""},"categories":[551],"tags":[1944,1945,1816,1946],"class_list":["post-33483","post","type-post","status-publish","format-standard","has-post-thumbnail","hentry","category-noticias","tag-concientizar","tag-fibrosis-pulmonar-idiopatica","tag-lanzamiento","tag-podcasts"],"acf":[],"_links":{"self":[{"href":"https:\/\/ktechproduccion.net\/diariosalud.com\/wp-json\/wp\/v2\/posts\/33483","targetHints":{"allow":["GET"]}}],"collection":[{"href":"https:\/\/ktechproduccion.net\/diariosalud.com\/wp-json\/wp\/v2\/posts"}],"about":[{"href":"https:\/\/ktechproduccion.net\/diariosalud.com\/wp-json\/wp\/v2\/types\/post"}],"author":[{"embeddable":true,"href":"https:\/\/ktechproduccion.net\/diariosalud.com\/wp-json\/wp\/v2\/users\/18"}],"replies":[{"embeddable":true,"href":"https:\/\/ktechproduccion.net\/diariosalud.com\/wp-json\/wp\/v2\/comments?post=33483"}],"version-history":[{"count":0,"href":"https:\/\/ktechproduccion.net\/diariosalud.com\/wp-json\/wp\/v2\/posts\/33483\/revisions"}],"wp:featuredmedia":[{"embeddable":true,"href":"https:\/\/ktechproduccion.net\/diariosalud.com\/wp-json\/wp\/v2\/media\/25801"}],"wp:attachment":[{"href":"https:\/\/ktechproduccion.net\/diariosalud.com\/wp-json\/wp\/v2\/media?parent=33483"}],"wp:term":[{"taxonomy":"category","embeddable":true,"href":"https:\/\/ktechproduccion.net\/diariosalud.com\/wp-json\/wp\/v2\/categories?post=33483"},{"taxonomy":"post_tag","embeddable":true,"href":"https:\/\/ktechproduccion.net\/diariosalud.com\/wp-json\/wp\/v2\/tags?post=33483"}],"curies":[{"name":"wp","href":"https:\/\/api.w.org\/{rel}","templated":true}]}}