{"id":33469,"date":"2022-09-15T15:06:44","date_gmt":"2022-09-15T19:06:44","guid":{"rendered":"https:\/\/diariosalud.com\/uncategorized\/prevencion-la-clave-para-enfrentar-covid-19-y-la-viruela-simica-en-americas\/"},"modified":"2022-09-15T15:06:44","modified_gmt":"2022-09-15T19:06:44","slug":"prevencion-la-clave-para-enfrentar-covid-19-y-la-viruela-simica-en-americas","status":"publish","type":"post","link":"https:\/\/ktechproduccion.net\/diariosalud.com\/prevencion-la-clave-para-enfrentar-covid-19-y-la-viruela-simica-en-americas\/","title":{"rendered":"Prevenci\u00f3n: la clave para enfrentar COVID-19 y la viruela s\u00edmica en las Am\u00e9ricas"},"content":{"rendered":"\n<p>Dado que las Am\u00e9ricas presentan actualmente el mayor n\u00famero de casos de viruela s\u00edmica en el mundo, y que la COVID-19 sigue siendo una \u00abamenaza importante\u00bb para la regi\u00f3n, la prevenci\u00f3n es clave para evitar infecciones y proteger la salud de las personas, afirm\u00f3 la directora de la <strong>Organizaci\u00f3n Panamericana de la Salud <\/strong>(OPS), doctora <strong>Carissa F. Etienne<\/strong>.<\/p>\n\n\n\n<p>Ya que a pesar de la disminuci\u00f3n de los casos, de las hospitalizaciones y de las muertes por coronavirus en las Am\u00e9ricas, \u00abcientos de personas siguen muriendo cada d\u00eda a causa de la COVID-19 en nuestra regi\u00f3n\u00bb, seg\u00fan explic\u00f3 Etienne durante una rueda de prensa.<\/p>\n\n\n\n<p>\u00abSin embargo, los pa\u00edses han reducido sus medidas de salud p\u00fablica y millones siguen sin vacunarse\u00bb, destac\u00f3.<\/p>\n\n\n\n<p>\u00abNo debemos ni podemos ser complacientes, porque este virus sigue circulando, sigue evolucionando, y todav\u00eda pueden surgir nuevas variantes\u00bb, se\u00f1al\u00f3 la Directora de la OPS, y pidi\u00f3 a los pa\u00edses que den prioridad a los que siguen sin protecci\u00f3n, incluidos los ni\u00f1os y las ni\u00f1as que regresan a la escuela este mes.<\/p>\n\n\n\n<p>En cuanto al brote de viruela s\u00edmica, la doctora Etienne destac\u00f3 que se han notificado m\u00e1s de 30.000 casos en la regi\u00f3n, lo que convierte a las Am\u00e9ricas en el epicentro mundial de la epidemia.<\/p>\n\n\n\n<p>La mayor\u00eda de los casos en la regi\u00f3n se concentran en Estados Unidos, Brasil, Per\u00fa y Canad\u00e1, y principalmente entre hombres que mantienen relaciones sexuales con otros hombres, aunque se han notificado al menos 145 casos en mujeres y 54 en personas menores de 18 a\u00f1os.<\/p>\n\n\n\n<p>A ra\u00edz de una petici\u00f3n de los Estados miembros de la organizaci\u00f3n durante una sesi\u00f3n especial de su Consejo Directivo en agosto, la OPS cerr\u00f3 un acuerdo con el productor de la vacuna contra la viruela s\u00edmica para ponerla a disposici\u00f3n de los pa\u00edses de la regi\u00f3n.<\/p>\n\n\n\n<p>Sin embargo, ante la escasez mundial de vacunas y la falta de un tratamiento eficaz, la doctora Etienne inst\u00f3 a los pa\u00edses a \u00abintensificar los esfuerzos para prevenir la propagaci\u00f3n del virus\u00bb.<\/p>\n","protected":false},"excerpt":{"rendered":"<p>Dado que las Am\u00e9ricas presentan actualmente el mayor n\u00famero de casos de viruela s\u00edmica en el mundo, y que la COVID-19 sigue siendo una \u00abamenaza importante\u00bb para la regi\u00f3n, la prevenci\u00f3n es clave para evitar infecciones y proteger la salud de las personas, afirm\u00f3 la directora de la Organizaci\u00f3n Panamericana de la Salud (OPS), doctora [&hellip;]<\/p>\n","protected":false},"author":18,"featured_media":25763,"comment_status":"closed","ping_status":"closed","sticky":false,"template":"","format":"standard","meta":{"_acf_changed":false,"footnotes":""},"categories":[551],"tags":[127,106,772,399,1883,1553],"class_list":["post-33469","post","type-post","status-publish","format-standard","has-post-thumbnail","hentry","category-noticias","tag-covid19","tag-infectologia","tag-ops","tag-prevencion","tag-vigilancia-genomica-en-las-americas","tag-viruela-del-mono"],"acf":[],"_links":{"self":[{"href":"https:\/\/ktechproduccion.net\/diariosalud.com\/wp-json\/wp\/v2\/posts\/33469","targetHints":{"allow":["GET"]}}],"collection":[{"href":"https:\/\/ktechproduccion.net\/diariosalud.com\/wp-json\/wp\/v2\/posts"}],"about":[{"href":"https:\/\/ktechproduccion.net\/diariosalud.com\/wp-json\/wp\/v2\/types\/post"}],"author":[{"embeddable":true,"href":"https:\/\/ktechproduccion.net\/diariosalud.com\/wp-json\/wp\/v2\/users\/18"}],"replies":[{"embeddable":true,"href":"https:\/\/ktechproduccion.net\/diariosalud.com\/wp-json\/wp\/v2\/comments?post=33469"}],"version-history":[{"count":0,"href":"https:\/\/ktechproduccion.net\/diariosalud.com\/wp-json\/wp\/v2\/posts\/33469\/revisions"}],"wp:featuredmedia":[{"embeddable":true,"href":"https:\/\/ktechproduccion.net\/diariosalud.com\/wp-json\/wp\/v2\/media\/25763"}],"wp:attachment":[{"href":"https:\/\/ktechproduccion.net\/diariosalud.com\/wp-json\/wp\/v2\/media?parent=33469"}],"wp:term":[{"taxonomy":"category","embeddable":true,"href":"https:\/\/ktechproduccion.net\/diariosalud.com\/wp-json\/wp\/v2\/categories?post=33469"},{"taxonomy":"post_tag","embeddable":true,"href":"https:\/\/ktechproduccion.net\/diariosalud.com\/wp-json\/wp\/v2\/tags?post=33469"}],"curies":[{"name":"wp","href":"https:\/\/api.w.org\/{rel}","templated":true}]}}