{"id":33450,"date":"2022-09-06T15:08:22","date_gmt":"2022-09-06T19:08:22","guid":{"rendered":"https:\/\/diariosalud.com\/uncategorized\/ix-congreso-internacional-de-salud-digital-esta-a-la-vuelta-de-6-dias\/"},"modified":"2022-09-06T15:08:22","modified_gmt":"2022-09-06T19:08:22","slug":"ix-congreso-internacional-de-salud-digital-esta-a-la-vuelta-de-6-dias","status":"publish","type":"post","link":"https:\/\/ktechproduccion.net\/diariosalud.com\/ix-congreso-internacional-de-salud-digital-esta-a-la-vuelta-de-6-dias\/","title":{"rendered":"EI IX Congreso Internacional de Salud Digital \u00a1est\u00e1 a la vuelta de 6 d\u00edas!\u00a0"},"content":{"rendered":"\n<p><em>El IX Congreso Internacional de Salud Digital se llevar\u00e1 a cabo en formato h\u00edbrido del 12 al 16 de septiembre de 2022, desde la ciudad de San Sebasti\u00e1n, Espa\u00f1a.<\/em><\/p>\n\n\n\n<p>El Congreso es organizado en colaboraci\u00f3n con la <strong>Asociaci\u00f3n Salud Digital <\/strong>(ASD) y la <strong>Fundaci\u00f3n Signo<\/strong>, con el objetivo de compartir, aprender y generar redes de conocimiento a los universitarios, profesores, profesionales de la salud y p\u00fablico en general. <\/p>\n\n\n\n<p>Se trata de un evento referente en <strong>Europa<\/strong>, por su gran valor acad\u00e9mico en temas de salud digital y que desde el 2020 facilita la asistencia de personas de cualquier parte del mundo, al incluir tambi\u00e9n el acceso virtual; permitiendo compartir experiencias y lecciones aprendidas de distintos entornos para el sector de la salud a nivel internacional.<\/p>\n\n\n\n<p>Durante toda una semana, los <a href=\"https:\/\/www.uik.eus\/es\/curso\/ix-congreso-internacional-salud-digital\">conferencistas<\/a> compartir\u00e1n experiencias y conocimientos enfocados en la salud digital basada en valor. <\/p>\n\n\n\n<p>Con temas de gran valor como: tecnolog\u00edas digitales, evaluaci\u00f3n, reembolso y adopci\u00f3n de soluciones digitales en Europa, sesgos en IA, aplicaciones en salud, la experiencia del paciente, entre otros. <a href=\"https:\/\/ktechproduccion.net\/diariosalud.com\/realizaran-congreso-internacional-de-salud-digital-en-espana\/\">Conoce todos los exponentes y sus diversos temas. <\/a><\/p>\n\n\n\n<figure class=\"wp-block-image size-large\"><img decoding=\"async\" src=\"https:\/\/ktechproduccion.net\/diariosalud.com\/wp-content\/uploads\/2022\/09\/Curso-16-7.jpg\" alt=\"\" class=\"wp-image-53817\"\/><figcaption><em>Los expositores que participar\u00e1n en los talleres y debates son destacados agentes de la salud como el doctor Jaime del Barrio, quien es presidente de la ASD y actual senior advisor en Healthcare &amp; Life Sciences de EY. As\u00ed, dar\u00e1n la bienvenida al evento, la doctora en Medicina y Cirug\u00eda y directora del Congreso, Marisa Merino, quien es adem\u00e1s especialista en Medicina Familiar y Comunitaria<\/em><\/figcaption><\/figure>\n\n\n\n<p><\/p>\n\n\n\n<p><strong>DiarioSalud cubrir\u00e1 todo el evento <\/strong><\/p>\n\n\n\n<p>El gran evento acad\u00e9mico de salud digital contar\u00e1 con el equipo de <a href=\"https:\/\/ktechproduccion.net\/diariosalud.com\/diariosalud-media-partner-del-congreso-internacional-salud-digital-en-espana\/\">DiarioSalud cubriendo<\/a> desde <strong>San Sebasti\u00e1n<\/strong>, con la finalidad de dar a conocer las herramientas modernas de la salud digital y lograr mejorar la experiencia del paciente y optimizar la eficiencia de los sistemas sanitarios de diversos pa\u00edses.<\/p>\n\n\n\n<p>Puedes incribirte en la IX edici\u00f3n del Congreso Internacional de Salud Digital a trav\u00e9s de <strong>DiarioSalud<\/strong>, pulsando <a href=\"https:\/\/www.subscribepage.com\/congresosaluddigital\">aqu\u00ed<\/a>.<\/p>\n\n\n\n<p><\/p>\n\n\n\n<p><\/p>\n","protected":false},"excerpt":{"rendered":"<p>El IX Congreso Internacional de Salud Digital se llevar\u00e1 a cabo en formato h\u00edbrido del 12 al 16 de septiembre de 2022, desde la ciudad de San Sebasti\u00e1n, Espa\u00f1a. El Congreso es organizado en colaboraci\u00f3n con la Asociaci\u00f3n Salud Digital (ASD) y la Fundaci\u00f3n Signo, con el objetivo de compartir, aprender y generar redes de [&hellip;]<\/p>\n","protected":false},"author":18,"featured_media":25713,"comment_status":"closed","ping_status":"closed","sticky":false,"template":"","format":"standard","meta":{"_acf_changed":false,"footnotes":""},"categories":[551],"tags":[1759,1028,1688],"class_list":["post-33450","post","type-post","status-publish","format-standard","has-post-thumbnail","hentry","category-noticias","tag-europa","tag-eventos","tag-ix-congreso-internacional-de-salud-digital"],"acf":[],"_links":{"self":[{"href":"https:\/\/ktechproduccion.net\/diariosalud.com\/wp-json\/wp\/v2\/posts\/33450","targetHints":{"allow":["GET"]}}],"collection":[{"href":"https:\/\/ktechproduccion.net\/diariosalud.com\/wp-json\/wp\/v2\/posts"}],"about":[{"href":"https:\/\/ktechproduccion.net\/diariosalud.com\/wp-json\/wp\/v2\/types\/post"}],"author":[{"embeddable":true,"href":"https:\/\/ktechproduccion.net\/diariosalud.com\/wp-json\/wp\/v2\/users\/18"}],"replies":[{"embeddable":true,"href":"https:\/\/ktechproduccion.net\/diariosalud.com\/wp-json\/wp\/v2\/comments?post=33450"}],"version-history":[{"count":0,"href":"https:\/\/ktechproduccion.net\/diariosalud.com\/wp-json\/wp\/v2\/posts\/33450\/revisions"}],"wp:featuredmedia":[{"embeddable":true,"href":"https:\/\/ktechproduccion.net\/diariosalud.com\/wp-json\/wp\/v2\/media\/25713"}],"wp:attachment":[{"href":"https:\/\/ktechproduccion.net\/diariosalud.com\/wp-json\/wp\/v2\/media?parent=33450"}],"wp:term":[{"taxonomy":"category","embeddable":true,"href":"https:\/\/ktechproduccion.net\/diariosalud.com\/wp-json\/wp\/v2\/categories?post=33450"},{"taxonomy":"post_tag","embeddable":true,"href":"https:\/\/ktechproduccion.net\/diariosalud.com\/wp-json\/wp\/v2\/tags?post=33450"}],"curies":[{"name":"wp","href":"https:\/\/api.w.org\/{rel}","templated":true}]}}