{"id":33439,"date":"2022-09-01T19:05:33","date_gmt":"2022-09-01T23:05:33","guid":{"rendered":"https:\/\/diariosalud.com\/uncategorized\/oms-observa-signos-de-retroceso-de-viruela-de-mono-en-europa\/"},"modified":"2022-09-01T19:05:33","modified_gmt":"2022-09-01T23:05:33","slug":"oms-observa-signos-de-retroceso-de-viruela-de-mono-en-europa","status":"publish","type":"post","link":"https:\/\/ktechproduccion.net\/diariosalud.com\/oms-observa-signos-de-retroceso-de-viruela-de-mono-en-europa\/","title":{"rendered":"OMS observa signos de retroceso de viruela de mono en Europa"},"content":{"rendered":"\n<p><em>Para la Organizaci\u00f3n Mundial de la Salud (OMS) el descenso de casos registrado en varios pa\u00edses europeos es un indicio de que el brote de viruela del mono puede estar retrocediendo en el continente e insta a redoblar esfuerzos para eliminar la transmisi\u00f3n.<\/em><\/p>\n\n\n\n<p>\u201cHay signos tempranos esperanzadores, como se ha evidenciado en Francia, Alemania, Portugal, Espa\u00f1a, Reino Unido y otros pa\u00edses de que el brote de viruela del mono se puede estar ralentizando\u201d, ha se\u00f1alado el director de OMS en Europa, Hans Kluge.<\/p>\n\n\n\n<p>Dado que el brote surgi\u00f3 entre hombres que tienen sexo con otros hombres y permanece centrado en ese grupo, los esfuerzos de prevenci\u00f3n y respuesta deben centrarse ah\u00ed, \u201ccon la colaboraci\u00f3n activa y la participaci\u00f3n de la comunidad, creando un ambiente libre de estigmas y discriminaci\u00f3n\u201d, ha indicado el representante de la organizaci\u00f3n sanitaria.<\/p>\n\n\n\n<p class=\"has-text-align-center\" style=\"font-size:29px\"><em>Espa\u00f1a sigue encabezando en Europa los contagios por viruela del mono. Los \u00faltimos datos del Ministerio de Sanidad son de 84 casos nuevos desde el pasado viernes cuando se registraron 175 m\u00e1s, lo que refleja un leve descenso.<\/em><\/p>\n\n\n\n<p>La regi\u00f3n europea de la OMS ha registrado hasta ahora 22.000 casos de <a href=\"https:\/\/ktechproduccion.net\/diariosalud.com\/expertos-dan-nuevos-nombres-a-las-variantes-de-la-viruela-del-mono-y\/\">viruela del mono<\/a> en los 43 pa\u00edses que la conforman -y que incluyen a Rusia y a varias rep\u00fablicas exsovi\u00e9ticas-, lo que supone m\u00e1s de un tercio del global.<\/p>\n\n\n\n<p>La experta ha apuntado a la detecci\u00f3n temprana de casos y a los cambios de comportamiento como las causas probables del descenso.<\/p>\n\n\n\n<p>EFE Salud <\/p>\n","protected":false},"excerpt":{"rendered":"<p>Para la Organizaci\u00f3n Mundial de la Salud (OMS) el descenso de casos registrado en varios pa\u00edses europeos es un indicio de que el brote de viruela del mono puede estar retrocediendo en el continente e insta a redoblar esfuerzos para eliminar la transmisi\u00f3n. \u201cHay signos tempranos esperanzadores, como se ha evidenciado en Francia, Alemania, Portugal, [&hellip;]<\/p>\n","protected":false},"author":18,"featured_media":25190,"comment_status":"closed","ping_status":"closed","sticky":false,"template":"","format":"standard","meta":{"_acf_changed":false,"footnotes":""},"categories":[551],"tags":[1759,1566,352],"class_list":["post-33439","post","type-post","status-publish","format-standard","has-post-thumbnail","hentry","category-noticias","tag-europa","tag-monkeypox","tag-oms"],"acf":[],"_links":{"self":[{"href":"https:\/\/ktechproduccion.net\/diariosalud.com\/wp-json\/wp\/v2\/posts\/33439","targetHints":{"allow":["GET"]}}],"collection":[{"href":"https:\/\/ktechproduccion.net\/diariosalud.com\/wp-json\/wp\/v2\/posts"}],"about":[{"href":"https:\/\/ktechproduccion.net\/diariosalud.com\/wp-json\/wp\/v2\/types\/post"}],"author":[{"embeddable":true,"href":"https:\/\/ktechproduccion.net\/diariosalud.com\/wp-json\/wp\/v2\/users\/18"}],"replies":[{"embeddable":true,"href":"https:\/\/ktechproduccion.net\/diariosalud.com\/wp-json\/wp\/v2\/comments?post=33439"}],"version-history":[{"count":0,"href":"https:\/\/ktechproduccion.net\/diariosalud.com\/wp-json\/wp\/v2\/posts\/33439\/revisions"}],"wp:featuredmedia":[{"embeddable":true,"href":"https:\/\/ktechproduccion.net\/diariosalud.com\/wp-json\/wp\/v2\/media\/25190"}],"wp:attachment":[{"href":"https:\/\/ktechproduccion.net\/diariosalud.com\/wp-json\/wp\/v2\/media?parent=33439"}],"wp:term":[{"taxonomy":"category","embeddable":true,"href":"https:\/\/ktechproduccion.net\/diariosalud.com\/wp-json\/wp\/v2\/categories?post=33439"},{"taxonomy":"post_tag","embeddable":true,"href":"https:\/\/ktechproduccion.net\/diariosalud.com\/wp-json\/wp\/v2\/tags?post=33439"}],"curies":[{"name":"wp","href":"https:\/\/api.w.org\/{rel}","templated":true}]}}