{"id":33431,"date":"2022-08-29T12:08:22","date_gmt":"2022-08-29T16:08:22","guid":{"rendered":"https:\/\/diariosalud.com\/uncategorized\/realizan-en-panama-curso-sobre-vigilancia-genomica-en-las-americas\/"},"modified":"2022-08-29T12:08:22","modified_gmt":"2022-08-29T16:08:22","slug":"realizan-en-panama-curso-sobre-vigilancia-genomica-en-las-americas","status":"publish","type":"post","link":"https:\/\/ktechproduccion.net\/diariosalud.com\/realizan-en-panama-curso-sobre-vigilancia-genomica-en-las-americas\/","title":{"rendered":"Realizan en Panam\u00e1 curso sobre vigilancia gen\u00f3mica en las Am\u00e9ricas"},"content":{"rendered":"\n<p><em>Con el objetivo de fortalecer la vigilancia gen\u00f3mica en las Am\u00e9ricas, representantes de 17 laboratorios de salud p\u00fablica de la regi\u00f3n participaron en la <strong>26\u00ba edici\u00f3n del Curso de Evoluci\u00f3n Viral y Epidemiolog\u00eda Molecular <\/strong>(VEME, por sus siglas en ingl\u00e9s) en Panam\u00e1.<\/em><\/p>\n\n\n\n<p>La capacitaci\u00f3n fue organizada por el <a href=\"http:\/\/www.gorgas.gob.pa\">Instituto Conmemorativo Gorgas de Estudios de la Salud<\/a> (ICGES) de Panam\u00e1, la Fundaci\u00f3n Oswaldo Cruz (FIOCRUZ) de Brasil, y la Organizaci\u00f3n Panamericana de la Salud (OPS).<\/p>\n\n\n\n<p>\u201cEstudiar la evoluci\u00f3n de los virus es clave para detectar mutaciones o variantes que puedan modificar la tasa de transmisi\u00f3n o la gravedad de un pat\u00f3geno y afectar la utilidad de las pruebas diagn\u00f3sticas, vacunas y tratamientos\u201d, afirm\u00f3 el asesor en enfermedades virales emergentes de la OPS, <strong>Jairo M\u00e9ndez<\/strong>.<\/p>\n\n\n\n<figure class=\"wp-block-image size-large\"><img decoding=\"async\" src=\"https:\/\/ktechproduccion.net\/diariosalud.com\/wp-content\/uploads\/2022\/08\/Curso-15-1.jpg\" alt=\"\" class=\"wp-image-53698\"\/><figcaption><em> Por primera vez, el VEME cont\u00f3 con un m\u00f3dulo dirigido a gerentes, gestores en salud y tomadores de decisi\u00f3n.<\/em><\/figcaption><\/figure>\n\n\n\n<p>El curso consisti\u00f3 en sesiones te\u00f3ricas y pr\u00e1cticas divididas en cuatro m\u00f3dulos, que incluyeron desde la generaci\u00f3n de datos a partir de la secuenciaci\u00f3n gen\u00f3mica, hasta el an\u00e1lisis m\u00e1s complejo de esas secuencias. <\/p>\n\n\n\n<p>El doctor <strong>Carlos S\u00e1enz<\/strong>, secretario general del Ministerio de Salud de <strong>Nicaragua<\/strong>, consider\u00f3 que la capacitaci\u00f3n \u201cha sido sumamente importante\u201d tanto para los t\u00e9cnicos que hacen secuenciaci\u00f3n gen\u00f3mica como para los tomadores de decisi\u00f3n como \u00e9l.<\/p>\n\n\n\n<p>El curso <strong>VEME<\/strong> es una acci\u00f3n m\u00e1s para fortalecer esta vigilancia y se alinea con la Estrategia de vigilancia gen\u00f3mica regional, para la preparaci\u00f3n y respuesta a epidemias y pandemias que ser\u00e1 discutida en septiembre por los l\u00edderes en salud de las Am\u00e9ricas durante la 30.\u00aa Conferencia Sanitaria Panamericana de la OPS en Washington. <\/p>\n","protected":false},"excerpt":{"rendered":"<p>Con el objetivo de fortalecer la vigilancia gen\u00f3mica en las Am\u00e9ricas, representantes de 17 laboratorios de salud p\u00fablica de la regi\u00f3n participaron en la 26\u00ba edici\u00f3n del Curso de Evoluci\u00f3n Viral y Epidemiolog\u00eda Molecular (VEME, por sus siglas en ingl\u00e9s) en Panam\u00e1. La capacitaci\u00f3n fue organizada por el Instituto Conmemorativo Gorgas de Estudios de la [&hellip;]<\/p>\n","protected":false},"author":18,"featured_media":25672,"comment_status":"closed","ping_status":"closed","sticky":false,"template":"","format":"standard","meta":{"_acf_changed":false,"footnotes":""},"categories":[551],"tags":[1882,772,1883],"class_list":["post-33431","post","type-post","status-publish","format-standard","has-post-thumbnail","hentry","category-noticias","tag-actualizacion","tag-ops","tag-vigilancia-genomica-en-las-americas"],"acf":[],"_links":{"self":[{"href":"https:\/\/ktechproduccion.net\/diariosalud.com\/wp-json\/wp\/v2\/posts\/33431","targetHints":{"allow":["GET"]}}],"collection":[{"href":"https:\/\/ktechproduccion.net\/diariosalud.com\/wp-json\/wp\/v2\/posts"}],"about":[{"href":"https:\/\/ktechproduccion.net\/diariosalud.com\/wp-json\/wp\/v2\/types\/post"}],"author":[{"embeddable":true,"href":"https:\/\/ktechproduccion.net\/diariosalud.com\/wp-json\/wp\/v2\/users\/18"}],"replies":[{"embeddable":true,"href":"https:\/\/ktechproduccion.net\/diariosalud.com\/wp-json\/wp\/v2\/comments?post=33431"}],"version-history":[{"count":0,"href":"https:\/\/ktechproduccion.net\/diariosalud.com\/wp-json\/wp\/v2\/posts\/33431\/revisions"}],"wp:featuredmedia":[{"embeddable":true,"href":"https:\/\/ktechproduccion.net\/diariosalud.com\/wp-json\/wp\/v2\/media\/25672"}],"wp:attachment":[{"href":"https:\/\/ktechproduccion.net\/diariosalud.com\/wp-json\/wp\/v2\/media?parent=33431"}],"wp:term":[{"taxonomy":"category","embeddable":true,"href":"https:\/\/ktechproduccion.net\/diariosalud.com\/wp-json\/wp\/v2\/categories?post=33431"},{"taxonomy":"post_tag","embeddable":true,"href":"https:\/\/ktechproduccion.net\/diariosalud.com\/wp-json\/wp\/v2\/tags?post=33431"}],"curies":[{"name":"wp","href":"https:\/\/api.w.org\/{rel}","templated":true}]}}