{"id":33409,"date":"2022-08-22T14:33:24","date_gmt":"2022-08-22T18:33:24","guid":{"rendered":"https:\/\/diariosalud.com\/uncategorized\/cuba-incrementa-vigilancia-epidemiologica-ante-viruela-simica\/"},"modified":"2022-08-22T14:33:24","modified_gmt":"2022-08-22T18:33:24","slug":"cuba-incrementa-vigilancia-epidemiologica-ante-viruela-simica","status":"publish","type":"post","link":"https:\/\/ktechproduccion.net\/diariosalud.com\/cuba-incrementa-vigilancia-epidemiologica-ante-viruela-simica\/","title":{"rendered":"Cuba incrementa vigilancia epidemiol\u00f3gica ante viruela s\u00edmica"},"content":{"rendered":"\n<p><em>El Ministerio de Salud P\u00fablica de Cuba redobla los esfuerzos en la vigilancia epidemiol\u00f3gica, tras confirmarse un primer caso de viruela del mono en la naci\u00f3n caribe\u00f1a.<\/em><\/p>\n\n\n\n<p>Se inform\u00f3 que como parte de la estrategia para enfrentar la enfermedad trabajar\u00e1 por un mayor control en los puntos de entradas al pa\u00eds y ya cuenta con personal capacitado para la detecci\u00f3n oportuna de este mal.<\/p>\n\n\n\n<p>Tambi\u00e9n est\u00e1 definido el flujograma de atenci\u00f3n al enfermo con sospecha, y fueron establecidas las medidas de control de foco.<\/p>\n\n\n\n<p>Las autoridades sanitarias ya decidieron cu\u00e1les ser\u00e1n las unidades asistenciales para atender los casos con la dolencia.<\/p>\n\n\n\n<p>Existen las normas de bioseguridad para pacientes, familiares y prestadores de servicios, teniendo en cuenta el nivel de contagiosidad y la forma en que se propaga esta patolog\u00eda.<\/p>\n\n\n\n<p>El s\u00e1bado, el Ministerio inform\u00f3 que un paciente italiano, en Cuba desde el 15 de agosto, se convirti\u00f3 en el primer caso de<a href=\"https:\/\/ktechproduccion.net\/diariosalud.com\/mas-de-10-000-casos-de-viruela-del-mono-en-america\/\"> viruela s\u00edmica<\/a> en el pa\u00eds.<\/p>\n\n\n\n<p>Ahora el paciente se encuentra en estado cr\u00edtico, con peligro para su vida. Se estudian posibles causas asociadas que pudieron condicionar su gravedad.<\/p>\n\n\n\n<p>Hasta la fecha, la presentaci\u00f3n cl\u00ednica de los casos de viruela del simio asociados con este brote es variable.<\/p>\n\n\n\n<p>Muchos casos en este brote no se presentan con el cuadro cl\u00ednico descrito cl\u00e1sicamente para la viruela del simio (fiebre, ganglios linf\u00e1ticos inflamados, seguidos de una erupci\u00f3n centr\u00edfuga en evoluci\u00f3n).<\/p>\n\n\n\n<p>Las caracter\u00edsticas at\u00edpicas descritas incluyen presentaci\u00f3n de solo unas pocas o incluso de una sola lesi\u00f3n, que comienzan en el \u00e1rea genital o perineal\/perianal y no se extienden m\u00e1s.<\/p>\n\n\n\n<p>\u00abLa presentaci\u00f3n cl\u00ednica generalmente se describe de leve y la mayor\u00eda de los casos tienen lesiones en los genitales o en el \u00e1rea perigenital, lo que indica que la transmisi\u00f3n probablemente ocurri\u00f3 por contacto f\u00edsico cercano durante las actividades sexuales\u201d, subrayan informes m\u00e9dicos. <\/p>\n\n\n\n<p>El <a href=\"https:\/\/salud.msp.gob.cu\">Ministerio de Cuba<\/a> puntualiza que la etapa de incubaci\u00f3n de la viruela del mono suele ser de seis a 13 d\u00edas, si bien puede oscilar entre cinco y 21 d\u00edas, y lo m\u00e1s importante es que afecta a cualquier ser humano.<\/p>\n\n\n\n<p>Agencia Prensa Latina <\/p>\n","protected":false},"excerpt":{"rendered":"<p>El Ministerio de Salud P\u00fablica de Cuba redobla los esfuerzos en la vigilancia epidemiol\u00f3gica, tras confirmarse un primer caso de viruela del mono en la naci\u00f3n caribe\u00f1a. Se inform\u00f3 que como parte de la estrategia para enfrentar la enfermedad trabajar\u00e1 por un mayor control en los puntos de entradas al pa\u00eds y ya cuenta con [&hellip;]<\/p>\n","protected":false},"author":18,"featured_media":25618,"comment_status":"closed","ping_status":"closed","sticky":false,"template":"","format":"standard","meta":{"_acf_changed":false,"footnotes":""},"categories":[551],"tags":[1860,223,1861,1553],"class_list":["post-33409","post","type-post","status-publish","format-standard","has-post-thumbnail","hentry","category-noticias","tag-cuba","tag-epidemiologia","tag-ministerio-de-saliud","tag-viruela-del-mono"],"acf":[],"_links":{"self":[{"href":"https:\/\/ktechproduccion.net\/diariosalud.com\/wp-json\/wp\/v2\/posts\/33409","targetHints":{"allow":["GET"]}}],"collection":[{"href":"https:\/\/ktechproduccion.net\/diariosalud.com\/wp-json\/wp\/v2\/posts"}],"about":[{"href":"https:\/\/ktechproduccion.net\/diariosalud.com\/wp-json\/wp\/v2\/types\/post"}],"author":[{"embeddable":true,"href":"https:\/\/ktechproduccion.net\/diariosalud.com\/wp-json\/wp\/v2\/users\/18"}],"replies":[{"embeddable":true,"href":"https:\/\/ktechproduccion.net\/diariosalud.com\/wp-json\/wp\/v2\/comments?post=33409"}],"version-history":[{"count":0,"href":"https:\/\/ktechproduccion.net\/diariosalud.com\/wp-json\/wp\/v2\/posts\/33409\/revisions"}],"wp:featuredmedia":[{"embeddable":true,"href":"https:\/\/ktechproduccion.net\/diariosalud.com\/wp-json\/wp\/v2\/media\/25618"}],"wp:attachment":[{"href":"https:\/\/ktechproduccion.net\/diariosalud.com\/wp-json\/wp\/v2\/media?parent=33409"}],"wp:term":[{"taxonomy":"category","embeddable":true,"href":"https:\/\/ktechproduccion.net\/diariosalud.com\/wp-json\/wp\/v2\/categories?post=33409"},{"taxonomy":"post_tag","embeddable":true,"href":"https:\/\/ktechproduccion.net\/diariosalud.com\/wp-json\/wp\/v2\/tags?post=33409"}],"curies":[{"name":"wp","href":"https:\/\/api.w.org\/{rel}","templated":true}]}}