{"id":33397,"date":"2022-08-18T11:40:54","date_gmt":"2022-08-18T15:40:54","guid":{"rendered":"https:\/\/diariosalud.com\/uncategorized\/ops-se-prepara-para-futuras-pandemias-por-virus-respiratorios-en-america-latina-y-el-caribe\/"},"modified":"2022-08-18T11:40:54","modified_gmt":"2022-08-18T15:40:54","slug":"ops-se-prepara-para-futuras-pandemias-por-virus-respiratorios-en-america-latina-y-el-caribe","status":"publish","type":"post","link":"https:\/\/ktechproduccion.net\/diariosalud.com\/ops-se-prepara-para-futuras-pandemias-por-virus-respiratorios-en-america-latina-y-el-caribe\/","title":{"rendered":"OPS\u00a0se prepara para futuras pandemias por virus respiratorios en Am\u00e9rica Latina y el Caribe"},"content":{"rendered":"\n<p><em>Durante un taller regional en Argentina, la Directora de OPS pidi\u00f3 invertir en la prevenci\u00f3n, preparaci\u00f3n y respuesta a eventos con potencial epid\u00e9mico y pand\u00e9mico. <\/em><\/p>\n\n\n\n<p>Con el objetivo de apoyar a pa\u00edses de Am\u00e9rica Latina y el Caribe a actualizar o elaborar planes operativos para enfrentar futuras pandemias, la Organizaci\u00f3n Panamericana de la Salud (OPS) realiza esta semana en Buenos Aires, un taller regional de preparaci\u00f3n y respuesta a eventos con potencial epid\u00e9mico y pand\u00e9mico causados por virus respiratorios, que tiene en cuenta las lecciones de la COVID-19.<\/p>\n\n\n\n<p>\u201cMientras nos <a href=\"https:\/\/www.paho.org\/es\/noticias\/17-8-2022-ops-busca-fortalecer-preparacion-respuesta-futuras-pandemias-por-virus\">reunimos hoy<\/a>, seguimos lidiando con la actual pandemia de COVID-19 y, al mismo tiempo, nos enfrentamos al brote de viruela s\u00edmica en varios pa\u00edses\u201d, sostuvo la directora de la OPS, Carissa F. Etienne. <\/p>\n\n\n\n<p>Adem\u00e1s, de acuerdo a la directora, la COVID-19: \u201cha sido un reto formidable\u201d y \u201cun duro recordatorio de la responsabilidad que todos tenemos de invertir en la prevenci\u00f3n, preparaci\u00f3n y respuesta a eventos debidos a pat\u00f3genos transmisibles\u201d.<\/p>\n\n\n\n<p>La doctora Etienne detall\u00f3 que, hasta el mi\u00e9rcoles pasado, se registraron 170 millones de casos y casi 3 millones de muertes por <a href=\"https:\/\/ktechproduccion.net\/diariosalud.com\/covid-19-se-estabiliza-en-las-americas\/\">COVID-19 en las Am\u00e9ricas<\/a>. Indic\u00f3 que otros pat\u00f3genos respiratorios est\u00e1n reemergiendo y que la gripe estacional causa entre 290.000 y 650.000 fallecimientos cada a\u00f1o en la regi\u00f3n.\u00a0<\/p>\n\n\n\n<p class=\"has-text-align-center\" style=\"font-size:29px\">\u201cNuestra capacidad de respuesta a las emergencias sanitarias depende de lo que hemos hecho antes de que ocurran y de lo que hemos aprendido durante emergencias previas\u201d como la de COVID-19, remarc\u00f3 la Directora de la OPS durante la apertura del taller, que re\u00fane a referentes t\u00e9cnicos en epidemiolog\u00eda, laboratorio, inmunizaciones y comunicaci\u00f3n de riesgos de los ministerios de Salud de Argentina, Bolivia, Colombia, Costa Rica, Guatemala, El Salvador, Hait\u00ed, Honduras, Nicaragua, Paraguay, Surinam y Rep\u00fablica Dominicana.<\/p>\n\n\n\n<p>La ministra de Salud de Argentina, Carla Vizzotti, sostuvo que la pandemia de COVID-19 evidenci\u00f3 que la salud \u201cdebe ser una prioridad para todo el mundo\u201d, porque, dijo, \u201csin salud no se puede estudiar, trabajar ni producir\u201d.&nbsp;<\/p>\n\n\n\n<p>La OPS espera realizar talleres similares con otros pa\u00edses de la regi\u00f3n durante 2022. Todo lo que concreten en este y otros talleres se integrar\u00e1 la visi\u00f3n de la regi\u00f3n de las Am\u00e9ricas en los documentos y gu\u00edas globales de preparaci\u00f3n y respuesta a pandemias.<\/p>\n","protected":false},"excerpt":{"rendered":"<p>Durante un taller regional en Argentina, la Directora de OPS pidi\u00f3 invertir en la prevenci\u00f3n, preparaci\u00f3n y respuesta a eventos con potencial epid\u00e9mico y pand\u00e9mico. Con el objetivo de apoyar a pa\u00edses de Am\u00e9rica Latina y el Caribe a actualizar o elaborar planes operativos para enfrentar futuras pandemias, la Organizaci\u00f3n Panamericana de la Salud (OPS) [&hellip;]<\/p>\n","protected":false},"author":18,"featured_media":25594,"comment_status":"closed","ping_status":"closed","sticky":false,"template":"","format":"standard","meta":{"_acf_changed":false,"footnotes":""},"categories":[551],"tags":[1850,1851,772,1852,399],"class_list":["post-33397","post","type-post","status-publish","format-standard","has-post-thumbnail","hentry","category-noticias","tag-america-latina","tag-caribe","tag-ops","tag-pandemias","tag-prevencion"],"acf":[],"_links":{"self":[{"href":"https:\/\/ktechproduccion.net\/diariosalud.com\/wp-json\/wp\/v2\/posts\/33397","targetHints":{"allow":["GET"]}}],"collection":[{"href":"https:\/\/ktechproduccion.net\/diariosalud.com\/wp-json\/wp\/v2\/posts"}],"about":[{"href":"https:\/\/ktechproduccion.net\/diariosalud.com\/wp-json\/wp\/v2\/types\/post"}],"author":[{"embeddable":true,"href":"https:\/\/ktechproduccion.net\/diariosalud.com\/wp-json\/wp\/v2\/users\/18"}],"replies":[{"embeddable":true,"href":"https:\/\/ktechproduccion.net\/diariosalud.com\/wp-json\/wp\/v2\/comments?post=33397"}],"version-history":[{"count":0,"href":"https:\/\/ktechproduccion.net\/diariosalud.com\/wp-json\/wp\/v2\/posts\/33397\/revisions"}],"wp:featuredmedia":[{"embeddable":true,"href":"https:\/\/ktechproduccion.net\/diariosalud.com\/wp-json\/wp\/v2\/media\/25594"}],"wp:attachment":[{"href":"https:\/\/ktechproduccion.net\/diariosalud.com\/wp-json\/wp\/v2\/media?parent=33397"}],"wp:term":[{"taxonomy":"category","embeddable":true,"href":"https:\/\/ktechproduccion.net\/diariosalud.com\/wp-json\/wp\/v2\/categories?post=33397"},{"taxonomy":"post_tag","embeddable":true,"href":"https:\/\/ktechproduccion.net\/diariosalud.com\/wp-json\/wp\/v2\/tags?post=33397"}],"curies":[{"name":"wp","href":"https:\/\/api.w.org\/{rel}","templated":true}]}}