{"id":33385,"date":"2022-08-12T19:38:13","date_gmt":"2022-08-12T23:38:13","guid":{"rendered":"https:\/\/diariosalud.com\/uncategorized\/expertos-dan-nuevos-nombres-a-las-variantes-de-la-viruela-del-mono-y\/"},"modified":"2022-08-12T19:38:13","modified_gmt":"2022-08-12T23:38:13","slug":"expertos-dan-nuevos-nombres-a-las-variantes-de-la-viruela-del-mono-y","status":"publish","type":"post","link":"https:\/\/ktechproduccion.net\/diariosalud.com\/expertos-dan-nuevos-nombres-a-las-variantes-de-la-viruela-del-mono-y\/","title":{"rendered":"Expertos dan nuevos nombres a variantes de la viruela del mono y la oportunidad de sugerirlos"},"content":{"rendered":"\n<p><em>Un grupo de expertos mundiales convocados por la OMS acord\u00f3 nuevos nombres para las variantes del virus de la viruela del simio. <\/em><\/p>\n\n\n\n<p>La Organizaci\u00f3n Mundial de la Salud notific\u00f3 hoy que expertos acordaron nombrar los clados utilizando n\u00fameros romanos.<\/p>\n\n\n\n<p>OMS dice que virus de la viruela del simio recibi\u00f3 su nombre tras su primer descubrimiento en 1958, antes de que se adoptaran las mejores pr\u00e1cticas actuales para nombrar enfermedades y virus.<\/p>\n\n\n\n<p><br>Adem\u00e1s determin\u00f3 que la mejor pr\u00e1ctica actual es que los virus reci\u00e9n identificados, las enfermedades relacionadas y las variantes de virus deben recibir nombres; con el objetivo de evitar ofender a cualquier grupo cultural, social, nacional, regional, profesional o \u00e9tnico y minimizar cualquier impacto negativo en el comercio, viajes, turismo o bienestar animal.<\/p>\n\n\n\n<p class=\"has-text-align-center\" style=\"font-size:29px\"><em>La asignaci\u00f3n de nuevos nombres a enfermedades existentes es responsabilidad de la OMS seg\u00fan la Clasificaci\u00f3n Internacional de Enfermedades y la Familia de Clasificaciones Internacionales Relacionadas con la Salud de la OMS (OMS-FIC). <\/em><\/p>\n\n\n\n<p>El grupo convocado por la OMS, lleg\u00f3 a un consenso sobre la nueva nomenclatura para los clados de virus que est\u00e1 en l\u00ednea con las mejores pr\u00e1cticas y acordaron c\u00f3mo se deben registrar y clasificar los clados de virus en los sitios de dep\u00f3sito de secuencias gen\u00f3micas.<\/p>\n\n\n\n<p><br>\u00abSe lleg\u00f3 a un consenso para referirse ahora al antiguo clado de la Cuenca del Congo (\u00c1frica Central) como Clado uno (I) y al antiguo clado de \u00c1frica Occidental como Clado dos (II). Adem\u00e1s, se acord\u00f3 que el Clado II consta de dos subclados\u00bb. <\/p>\n\n\n\n<p>Por lo tanto, la nueva convenci\u00f3n de nomenclatura comprende Clade I, Clade IIa y Clade IIb, y este \u00faltimo se refiere principalmente al grupo de variantes que circulan en gran medida en el brote global de 2022. <\/p>\n\n\n\n<p>La denominaci\u00f3n de los linajes ser\u00e1 la propuesta por los cient\u00edficos a medida que evolucione el brote y  <br>los nuevos nombres para los clados deber\u00edan entrar en vigencia de inmediato, mientras contin\u00faa el trabajo sobre los nombres de enfermedades y virus, seg\u00fan comunic\u00f3 el Organismo.<\/p>\n\n\n\n<p><strong>Las personas pueden sugerir nuevos nombres <\/strong><\/p>\n\n\n\n<p>La OMS est\u00e1 realizando una consulta abierta para un nuevo nombre de enfermedad para la <a href=\"https:\/\/ktechproduccion.net\/diariosalud.com\/mas-de-10-000-casos-de-viruela-del-mono-en-america\/\">viruela del simio<\/a> y tambi\u00e9n detall\u00f3 que cualquiera que desee proponer nuevos nombres puede hacerlo aqu\u00ed en este <a href=\"https:\/\/icd.who.int\/dev11\">enlace<\/a>. <\/p>\n","protected":false},"excerpt":{"rendered":"<p>Un grupo de expertos mundiales convocados por la OMS acord\u00f3 nuevos nombres para las variantes del virus de la viruela del simio. La Organizaci\u00f3n Mundial de la Salud notific\u00f3 hoy que expertos acordaron nombrar los clados utilizando n\u00fameros romanos. OMS dice que virus de la viruela del simio recibi\u00f3 su nombre tras su primer descubrimiento [&hellip;]<\/p>\n","protected":false},"author":18,"featured_media":25233,"comment_status":"closed","ping_status":"closed","sticky":false,"template":"","format":"standard","meta":{"_acf_changed":false,"footnotes":""},"categories":[551],"tags":[1566,352,1553],"class_list":["post-33385","post","type-post","status-publish","format-standard","has-post-thumbnail","hentry","category-noticias","tag-monkeypox","tag-oms","tag-viruela-del-mono"],"acf":[],"_links":{"self":[{"href":"https:\/\/ktechproduccion.net\/diariosalud.com\/wp-json\/wp\/v2\/posts\/33385","targetHints":{"allow":["GET"]}}],"collection":[{"href":"https:\/\/ktechproduccion.net\/diariosalud.com\/wp-json\/wp\/v2\/posts"}],"about":[{"href":"https:\/\/ktechproduccion.net\/diariosalud.com\/wp-json\/wp\/v2\/types\/post"}],"author":[{"embeddable":true,"href":"https:\/\/ktechproduccion.net\/diariosalud.com\/wp-json\/wp\/v2\/users\/18"}],"replies":[{"embeddable":true,"href":"https:\/\/ktechproduccion.net\/diariosalud.com\/wp-json\/wp\/v2\/comments?post=33385"}],"version-history":[{"count":0,"href":"https:\/\/ktechproduccion.net\/diariosalud.com\/wp-json\/wp\/v2\/posts\/33385\/revisions"}],"wp:featuredmedia":[{"embeddable":true,"href":"https:\/\/ktechproduccion.net\/diariosalud.com\/wp-json\/wp\/v2\/media\/25233"}],"wp:attachment":[{"href":"https:\/\/ktechproduccion.net\/diariosalud.com\/wp-json\/wp\/v2\/media?parent=33385"}],"wp:term":[{"taxonomy":"category","embeddable":true,"href":"https:\/\/ktechproduccion.net\/diariosalud.com\/wp-json\/wp\/v2\/categories?post=33385"},{"taxonomy":"post_tag","embeddable":true,"href":"https:\/\/ktechproduccion.net\/diariosalud.com\/wp-json\/wp\/v2\/tags?post=33385"}],"curies":[{"name":"wp","href":"https:\/\/api.w.org\/{rel}","templated":true}]}}