{"id":33376,"date":"2022-08-09T15:52:41","date_gmt":"2022-08-09T19:52:41","guid":{"rendered":"https:\/\/diariosalud.com\/uncategorized\/actividades-de-la-ops\/"},"modified":"2022-08-09T15:52:41","modified_gmt":"2022-08-09T19:52:41","slug":"actividades-de-la-ops","status":"publish","type":"post","link":"https:\/\/ktechproduccion.net\/diariosalud.com\/actividades-de-la-ops\/","title":{"rendered":"Conoce cu\u00e1les son los eventos de la OPS para agosto"},"content":{"rendered":"\n<p><em>Citamos los pr\u00f3ximos eventos que organiza la Organizaci\u00f3n Panamericana de la Salud para el mes de agosto.  <\/em><\/p>\n\n\n\n<p><\/p>\n\n\n\n<p><strong>Lanzamiento del Informe sobre el Control del Tabaco para la Regi\u00f3n de las Am\u00e9ricas 2022<\/strong><\/p>\n\n\n\n<p>Participa el lunes 15 de agosto de 2022, en el evento de Lanzamiento del Informe sobre el Control del Tabaco en la Regi\u00f3n de las Am\u00e9ricas 2022. <\/p>\n\n\n\n<p>Este se realizar\u00e1 en una sesi\u00f3n h\u00edbrida; con participaci\u00f3n en persona desde Brasilia, Brasil, y con transmisi\u00f3n simult\u00e1nea a trav\u00e9s de Zoom.\u00a0<\/p>\n\n\n\n<p>En el Informe sobre el control del tabaco en la Regi\u00f3n de las Am\u00e9ricas 2022 se presentar\u00e1 el progreso en la implementaci\u00f3n del paquete t\u00e9cnico MPOWER durante el per\u00edodo 2018-2021. <\/p>\n\n\n\n<p>Para el registro pulsa <a href=\"https:\/\/paho-org.zoom.us\/webinar\/register\/WN_kZz4aETSQUu5nXNTLlLnIg\">aqu\u00ed<\/a><\/p>\n\n\n\n<p><strong>Recomendaciones para reactivar y mantener los servicios de donaci\u00f3n y trasplante en el contexto de la COVID-19<\/strong><\/p>\n\n\n\n<p>Este evento se enfocar\u00e1 en el impacto de la COVID-19 en los programas de donaci\u00f3n y trasplante en Latinoam\u00e9rica, recomendaciones para reactivar y mantener la actividad<\/p>\n\n\n\n<p>Se realizar\u00e1 el 18 de agosto a las 10:00 AM  (EDT) a trav\u00e9s de la plataforma Zoom. <\/p>\n\n\n\n<p>Enlace para el <a href=\"https:\/\/paho-org.zoom.us\/webinar\/register\/WN_rdlhdLfPQl-9EeS1uUWfqg\">registro<\/a><\/p>\n\n\n\n<p><strong>Lanzamiento del Curso Virtual Contra el Estigma Versi\u00f3n 2.0 y presentaci\u00f3n de la Campa\u00f1a de Reducci\u00f3n del Estigma en Salud Mental <\/strong><\/p>\n\n\n\n<p>El jueves 18 de agosto del 2022, la Organizaci\u00f3n Panamericana de la Salud realizar\u00e1 una sesi\u00f3n virtual para el lanzamiento del Curso virtual contra el Estigma Versi\u00f3n 2.0 y la presentaci\u00f3n de la nueva campa\u00f1a de Reducci\u00f3n de Estigma en Salud Mental. <\/p>\n\n\n\n<p>Este curso, desarrollado por la OPS y en colaboraci\u00f3n con la Comisi\u00f3n de Salud Mental de Canad\u00e1, tiene como objetivo reducir el estigma relacionado con la salud mental dentro del entorno cl\u00ednico. <\/p>\n\n\n\n<p>Adem\u00e1s, es una gu\u00eda a los proveedores de atenci\u00f3n primaria sobre los enfoques de mejores pr\u00e1cticas para mejorar sus habilidades cl\u00ednicas y de gesti\u00f3n de la pr\u00e1ctica al tiempo que brinda servicio a las personas con experiencia vivida de problemas de salud mental.<\/p>\n\n\n\n<p>Inscr\u00edbete <a href=\"https:\/\/paho-org.zoom.us\/webinar\/register\/WN_BSryiMAjRWKf_qan0bT27Q\">aqu\u00ed<\/a><\/p>\n\n\n\n<p><strong>Comunidad de pr\u00e1ctica de enfermer\u00eda en la Regi\u00f3n de las Am\u00e9ricas<\/strong><\/p>\n\n\n\n<p>La Comunidad de pr\u00e1ctica de enfermer\u00eda en la Regi\u00f3n de las Am\u00e9ricas es un espacio y recurso que la OPS\/OMS oferta a los profesionales de enfermer\u00eda y a otros interesados con el objetivo de promover la interacci\u00f3n virtual, potenciar el intercambio de experiencias, informaci\u00f3n y conocimientos, y fortalecer las capacidades profesionales.<\/p>\n\n\n\n<p>El webinar tendr\u00e1 lugar el 19 de agosto de 2022  a las 13.00 \u2013 13.30 horas (EDT)<\/p>\n\n\n\n<p>El objetivo del webinario es presentar e incentivar a los participantes a utilizar la Comunidad de Pr\u00e1ctica de Enfermer\u00eda en la Regi\u00f3n de las Am\u00e9ricas.<\/p>\n\n\n\n<p>Enlace de registro <a href=\"https:\/\/paho-org.zoom.us\/webinar\/register\/WN_XoFBYerITM60LPhCcc7MvQ\">aqu\u00ed<\/a><\/p>\n","protected":false},"excerpt":{"rendered":"<p>Citamos los pr\u00f3ximos eventos que organiza la Organizaci\u00f3n Panamericana de la Salud para el mes de agosto. Lanzamiento del Informe sobre el Control del Tabaco para la Regi\u00f3n de las Am\u00e9ricas 2022 Participa el lunes 15 de agosto de 2022, en el evento de Lanzamiento del Informe sobre el Control del Tabaco en la Regi\u00f3n [&hellip;]<\/p>\n","protected":false},"author":18,"featured_media":25548,"comment_status":"closed","ping_status":"closed","sticky":false,"template":"","format":"standard","meta":{"_acf_changed":false,"footnotes":""},"categories":[551],"tags":[879,1827,1028,772],"class_list":["post-33376","post","type-post","status-publish","format-standard","has-post-thumbnail","hentry","category-noticias","tag-actualizacion-medica","tag-agosto","tag-eventos","tag-ops"],"acf":[],"_links":{"self":[{"href":"https:\/\/ktechproduccion.net\/diariosalud.com\/wp-json\/wp\/v2\/posts\/33376","targetHints":{"allow":["GET"]}}],"collection":[{"href":"https:\/\/ktechproduccion.net\/diariosalud.com\/wp-json\/wp\/v2\/posts"}],"about":[{"href":"https:\/\/ktechproduccion.net\/diariosalud.com\/wp-json\/wp\/v2\/types\/post"}],"author":[{"embeddable":true,"href":"https:\/\/ktechproduccion.net\/diariosalud.com\/wp-json\/wp\/v2\/users\/18"}],"replies":[{"embeddable":true,"href":"https:\/\/ktechproduccion.net\/diariosalud.com\/wp-json\/wp\/v2\/comments?post=33376"}],"version-history":[{"count":0,"href":"https:\/\/ktechproduccion.net\/diariosalud.com\/wp-json\/wp\/v2\/posts\/33376\/revisions"}],"wp:featuredmedia":[{"embeddable":true,"href":"https:\/\/ktechproduccion.net\/diariosalud.com\/wp-json\/wp\/v2\/media\/25548"}],"wp:attachment":[{"href":"https:\/\/ktechproduccion.net\/diariosalud.com\/wp-json\/wp\/v2\/media?parent=33376"}],"wp:term":[{"taxonomy":"category","embeddable":true,"href":"https:\/\/ktechproduccion.net\/diariosalud.com\/wp-json\/wp\/v2\/categories?post=33376"},{"taxonomy":"post_tag","embeddable":true,"href":"https:\/\/ktechproduccion.net\/diariosalud.com\/wp-json\/wp\/v2\/tags?post=33376"}],"curies":[{"name":"wp","href":"https:\/\/api.w.org\/{rel}","templated":true}]}}