{"id":33357,"date":"2022-08-02T21:10:13","date_gmt":"2022-08-03T01:10:13","guid":{"rendered":"https:\/\/diariosalud.com\/uncategorized\/como-afecta-la-ola-de-calor-el-cerebro\/"},"modified":"2022-08-02T21:10:13","modified_gmt":"2022-08-03T01:10:13","slug":"como-afecta-la-ola-de-calor-el-cerebro","status":"publish","type":"post","link":"https:\/\/ktechproduccion.net\/diariosalud.com\/como-afecta-la-ola-de-calor-el-cerebro\/","title":{"rendered":"\u00bfC\u00f3mo afecta la ola de calor el cerebro?"},"content":{"rendered":"\n<p><em>Las temperaturas de m\u00e1s de 40 grados pueden afectar nuestro cerebro y funciones como la atenci\u00f3n, los reflejos o la memoria. Pero tambi\u00e9n el calor puede crearnos estr\u00e9s t\u00e9rmico y tensi\u00f3n emocional.  Silvia \u00c1lava, especialista en Psicolog\u00eda General Sanitaria y en Psicolog\u00eda Educativa lo explica.<\/em><\/p>\n\n\n\n<p>A partir de los 40 grados nuestro cerebro deja de funcionar correctamente ya que muchos de los procesos cognitivos empiezan a verse comprometidos\u201d con la altas temperaturas de la ola de calor, afirma la psic\u00f3loga en unos v\u00eddeos que difunde el Instituto de Investigaci\u00f3n Agua y Salud.<\/p>\n\n\n\n<p>Hidrataci\u00f3n continua sin esperar a tener sed y evitar la exposici\u00f3n en las horas centrales del d\u00eda son algunas de las principales recomendaciones.<\/p>\n\n\n\n<p><strong>De la atenci\u00f3n a la memoria, la ola de calor impacta en el cerebro<\/strong><\/p>\n\n\n\n<p>Exponerse a las altas temperaturas y estar deshidratados influye en el cerebro, en especial en estas funciones, Silvia \u00c1lava explica:<\/p>\n\n\n\n<p><strong>Atenci\u00f3n:<\/strong> se reducen los tiempos de atenci\u00f3n pero tambi\u00e9n la calidad, nos cuesta m\u00e1s poner el foco, es la llamada atenci\u00f3n selectiva, fijarse en los detalles que necesito para realizar una tarea.<br>Control de la interferencia: es m\u00e1s f\u00e1cil que nos distraigamos.<\/p>\n\n\n\n<p><br>Fallos en la memoria a corto plazo: al estar m\u00e1s cansados y somnolientos, el cerebro funciona m\u00e1s despacio, la velocidad de procesamiento es menor. Lo podemos notar en que pensamos y ejecutamos m\u00e1s despacio.<\/p>\n\n\n\n<p><br>Los reflejos se enlentecen y esto hay que tenerlo en cuenta a la hora de conducir.<\/p>\n\n\n\n<p><strong>Estr\u00e9s t\u00e9rmico, tensi\u00f3n emocional<\/strong><\/p>\n\n\n\n<p>La ola de calor afecta a nuestro cerebro y a nuestro estado emocional. Es el denominado estr\u00e9s t\u00e9rmico que desencadena diferentes reacciones f\u00edsicas y psicol\u00f3gicas.<\/p>\n\n\n\n<p>\u201cEl estr\u00e9s t\u00e9rmico -indica la psic\u00f3loga- tambi\u00e9n provoca estr\u00e9s emocional, primero porque con el calor es dif\u00edcil conciliar el sue\u00f1o. La temperatura ideal para dormir es de 17-18 grados y si no baja la temperatura y no podemos dormir bien, nos levantamos irascibles, cansados y no podemos mantener la atenci\u00f3n en el trabajo\u201d.<\/p>\n\n\n\n<p>Tambi\u00e9n se pueden acrecentar las estados de las personas con ansiedad, depresi\u00f3n, tendencia a los pensamientos obsesivos e, incluso, agresividad.<\/p>\n\n\n\n<p><strong>Silvia \u00c1lava ofrece los siguientes consejos:<\/strong><\/p>\n\n\n\n<p>Con el calor baja la productividad y trabajamos m\u00e1s lento, necesitamos m\u00e1s tiempo.<br>Las altas temperaturas nos hacen estar m\u00e1s irascibles, es mejor evitar roces con los compa\u00f1eros.<\/p>\n\n\n\n<p><br>Hidrataci\u00f3n constante en el puesto de trabajo, hay que tener una botella de agua al lado.<br>Podemos mojarnos nucas y mu\u00f1ecas con agua fr\u00eda para que baje la temperatura corporal.<\/p>\n\n\n\n<p><br>Evitar el alcohol porque hasta en peque\u00f1as dosis hace que sea m\u00e1s complicado regular la temperatura y hace mas f\u00e1cil deshidratarnos y sufrir un golpe de calor ya que interfiere en la capacidad de termorregulaci\u00f3n.<\/p>\n\n\n\n<p><br>Para vestir elegir tejidos naturales que permitan la transpiraci\u00f3n.<\/p>\n\n\n\n<p>EFE Salud <\/p>\n","protected":false},"excerpt":{"rendered":"<p>Las temperaturas de m\u00e1s de 40 grados pueden afectar nuestro cerebro y funciones como la atenci\u00f3n, los reflejos o la memoria. Pero tambi\u00e9n el calor puede crearnos estr\u00e9s t\u00e9rmico y tensi\u00f3n emocional. Silvia \u00c1lava, especialista en Psicolog\u00eda General Sanitaria y en Psicolog\u00eda Educativa lo explica. A partir de los 40 grados nuestro cerebro deja de [&hellip;]<\/p>\n","protected":false},"author":18,"featured_media":25508,"comment_status":"closed","ping_status":"closed","sticky":false,"template":"","format":"standard","meta":{"_acf_changed":false,"footnotes":""},"categories":[551],"tags":[1808,118,119,1704],"class_list":["post-33357","post","type-post","status-publish","format-standard","has-post-thumbnail","hentry","category-noticias","tag-calor","tag-neurologia","tag-psicologia","tag-verano"],"acf":[],"_links":{"self":[{"href":"https:\/\/ktechproduccion.net\/diariosalud.com\/wp-json\/wp\/v2\/posts\/33357","targetHints":{"allow":["GET"]}}],"collection":[{"href":"https:\/\/ktechproduccion.net\/diariosalud.com\/wp-json\/wp\/v2\/posts"}],"about":[{"href":"https:\/\/ktechproduccion.net\/diariosalud.com\/wp-json\/wp\/v2\/types\/post"}],"author":[{"embeddable":true,"href":"https:\/\/ktechproduccion.net\/diariosalud.com\/wp-json\/wp\/v2\/users\/18"}],"replies":[{"embeddable":true,"href":"https:\/\/ktechproduccion.net\/diariosalud.com\/wp-json\/wp\/v2\/comments?post=33357"}],"version-history":[{"count":0,"href":"https:\/\/ktechproduccion.net\/diariosalud.com\/wp-json\/wp\/v2\/posts\/33357\/revisions"}],"wp:featuredmedia":[{"embeddable":true,"href":"https:\/\/ktechproduccion.net\/diariosalud.com\/wp-json\/wp\/v2\/media\/25508"}],"wp:attachment":[{"href":"https:\/\/ktechproduccion.net\/diariosalud.com\/wp-json\/wp\/v2\/media?parent=33357"}],"wp:term":[{"taxonomy":"category","embeddable":true,"href":"https:\/\/ktechproduccion.net\/diariosalud.com\/wp-json\/wp\/v2\/categories?post=33357"},{"taxonomy":"post_tag","embeddable":true,"href":"https:\/\/ktechproduccion.net\/diariosalud.com\/wp-json\/wp\/v2\/tags?post=33357"}],"curies":[{"name":"wp","href":"https:\/\/api.w.org\/{rel}","templated":true}]}}