{"id":33344,"date":"2022-07-28T14:50:36","date_gmt":"2022-07-28T18:50:36","guid":{"rendered":"https:\/\/diariosalud.com\/uncategorized\/la-posible-cura-unica-para-el-sida-y-paciente-que-abre-la-puerta-al-caso\/"},"modified":"2022-07-28T14:50:36","modified_gmt":"2022-07-28T18:50:36","slug":"la-posible-cura-unica-para-el-sida-y-paciente-que-abre-la-puerta-al-caso","status":"publish","type":"post","link":"https:\/\/ktechproduccion.net\/diariosalud.com\/la-posible-cura-unica-para-el-sida-y-paciente-que-abre-la-puerta-al-caso\/","title":{"rendered":"La posible cura \u00ab\u00fanica\u00bb para el sida y el paciente que abri\u00f3 la puerta al caso"},"content":{"rendered":"\n<p><em>El caso de una mujer barcelonesa de edad avanzada, que lleva m\u00e1s de 15 a\u00f1os con el VIH bajo control absoluto y sin ning\u00fan tratamiento, abre la puerta a la reducci\u00f3n dr\u00e1stica de la medicaci\u00f3n entre los infectados por el pat\u00f3geno<\/em><\/p>\n\n\n\n<p>El estudio presentado en el <strong>Congreso AIDS 2022<\/strong> describe los mecanismos inmunol\u00f3gicos de una mujer controladora postratamiento que confieren un control absoluto de la replicaci\u00f3n del VIH durante m\u00e1s de 15 a\u00f1os.<\/p>\n\n\n\n<p>Los investigadores del <strong>Hospital Cl\u00ednic<\/strong>, responsables de esta investigaci\u00f3n explican que se trata de una mujer que comenz\u00f3 el tratamiento t\u00edpico de VIH con antirretrovirales y con inmunosupresores, la cual estuvo as\u00ed durante nueve meses, hasta que dej\u00f3 por completo los medicamentos. <\/p>\n\n\n\n<p>Detallan que la paciente de Barcelona y cuyo nombre dejan en an\u00f3nimato, ha pasado desde entonces m\u00e1s de 15 a\u00f1os y el virus, aunque permanece en su cuerpo, est\u00e1 absolutamente bajo control, sin ning\u00fan s\u00edntoma ni capacidad de infectar a otras personas.<\/p>\n\n\n\n<figure class=\"wp-block-image size-large\"><img decoding=\"async\" src=\"https:\/\/ktechproduccion.net\/diariosalud.com\/wp-content\/uploads\/2022\/07\/Curso-9-15.jpg\" alt=\"\" class=\"wp-image-53260\"\/><figcaption><em><strong>\u00abEl caso presentado es excepcional, no s\u00f3lo porque hay muy pocas personas con control postratamiento a largo plazo, sino tambi\u00e9n por el mecanismo de control del VIH, diferente al descrito en pacientes controladores de \u00e9lite y otros casos documentados hasta ahora\u00bb, explica Josep Mallolas, co-autor de la comunicaci\u00f3n, jefe de la Unidad de VIH del Cl\u00ednic, del grupo de investigaci\u00f3n Sida e infecci\u00f3n por VIH del IDIBAPS y profesor del Departamento de Medicina de la UB.<\/strong><\/em><\/figcaption><\/figure>\n\n\n\n<p><\/p>\n\n\n\n<p><strong>Josep Mallolas<\/strong>, jefe de la Unidad de VIH del <a href=\"https:\/\/www.clinicbarcelona.org\">Centro<\/a> dice que este caso es \u201c\u00fanico\u201d y  adem\u00e1s dice que esto \u00ababre una ventana de oportunidades fascinante\u201d. <\/p>\n\n\n\n<p>Seg\u00fan declaraciones de los especialistas: \u00abcreen haber identificado qu\u00e9 es lo que provoca que la paciente de Barcelona tenga el virus bajo control durante tanto tiempo sin necesidad de tomar ninguna medicaci\u00f3n y a la vez proponen haberlo encontrado en dos tipos de c\u00e9lulas muy espec\u00edficas, la cual pueda abrir una nueva etapa en la lucha contra el VIH\u00bb. <\/p>\n\n\n\n<p>\u201cSe trata de un <a href=\"https:\/\/www.clinicbarcelona.org\/noticias\/un-caso-unico-de-curacion-funcional-del-virus-del-vih\">caso<\/a> excepcional porque al principio present\u00f3 un cuadro muy grave, algo que no es caracter\u00edstico de quienes pueden controlar el virus tras recibir tratamiento. Y tambi\u00e9n por el tiempo que lleva en esta situaci\u00f3n. En la mayor\u00eda de casos vuelve a perderse el control del virus al cabo de unos meses o unos pocos a\u00f1os\u201d, se\u00f1ala Juan Ambrosioni, m\u00e9dico de la Unidad de VIH del Hospital Cl\u00ednic.<\/p>\n\n\n\n<p>El equipo del Cl\u00ednic ha identificado las razones de esta posible \u00abcura\u00bb. Tanto que resulta la novedad del trabajo que est\u00e1n realizando al respecto, el cual se enfoca en las c\u00e9lulas que consiguen el control del virus, de acuerdo a la explicaci\u00f3n de la investigadora del Idibaps de Barcelona.<\/p>\n\n\n\n<p>Los investigadores vieron que las c\u00e9lulas sangu\u00edneas de la paciente eran altamente resistentes a ser infectadas por el virus del VIH en cultivos in-vitro, pero que sus linfocitos T CD4+ purificados eran susceptibles a la infecci\u00f3n por el VIH. Esto sugiere que otras poblaciones celulares de la sangre bloqueaban la infecci\u00f3n y podr\u00edan contribuir al control del VIH.<\/p>\n\n\n\n<p>Este caso de posible cura se abordar\u00e1 tambi\u00e9n en la <strong><a href=\"https:\/\/aids2022.org\/media\/host-broadcasting\/\">Conferencia Internacional sobre Sida<\/a><\/strong>, la cual se realizar\u00e1 en Montreal (Canad\u00e1) del 29 al 2 de agosto.  <\/p>\n\n\n\n<p>M\u00e1s sobre el estudio <a href=\"https:\/\/www.clinicbarcelona.org\/noticias\/un-caso-unico-de-curacion-funcional-del-virus-del-vih\">aqu\u00ed<\/a><\/p>\n","protected":false},"excerpt":{"rendered":"<p>El caso de una mujer barcelonesa de edad avanzada, que lleva m\u00e1s de 15 a\u00f1os con el VIH bajo control absoluto y sin ning\u00fan tratamiento, abre la puerta a la reducci\u00f3n dr\u00e1stica de la medicaci\u00f3n entre los infectados por el pat\u00f3geno El estudio presentado en el Congreso AIDS 2022 describe los mecanismos inmunol\u00f3gicos de una [&hellip;]<\/p>\n","protected":false},"author":18,"featured_media":25482,"comment_status":"closed","ping_status":"closed","sticky":false,"template":"","format":"standard","meta":{"_acf_changed":false,"footnotes":""},"categories":[551],"tags":[1797,235,1328],"class_list":["post-33344","post","type-post","status-publish","format-standard","has-post-thumbnail","hentry","category-noticias","tag-cura","tag-investigacion","tag-vih-sida"],"acf":[],"_links":{"self":[{"href":"https:\/\/ktechproduccion.net\/diariosalud.com\/wp-json\/wp\/v2\/posts\/33344","targetHints":{"allow":["GET"]}}],"collection":[{"href":"https:\/\/ktechproduccion.net\/diariosalud.com\/wp-json\/wp\/v2\/posts"}],"about":[{"href":"https:\/\/ktechproduccion.net\/diariosalud.com\/wp-json\/wp\/v2\/types\/post"}],"author":[{"embeddable":true,"href":"https:\/\/ktechproduccion.net\/diariosalud.com\/wp-json\/wp\/v2\/users\/18"}],"replies":[{"embeddable":true,"href":"https:\/\/ktechproduccion.net\/diariosalud.com\/wp-json\/wp\/v2\/comments?post=33344"}],"version-history":[{"count":0,"href":"https:\/\/ktechproduccion.net\/diariosalud.com\/wp-json\/wp\/v2\/posts\/33344\/revisions"}],"wp:featuredmedia":[{"embeddable":true,"href":"https:\/\/ktechproduccion.net\/diariosalud.com\/wp-json\/wp\/v2\/media\/25482"}],"wp:attachment":[{"href":"https:\/\/ktechproduccion.net\/diariosalud.com\/wp-json\/wp\/v2\/media?parent=33344"}],"wp:term":[{"taxonomy":"category","embeddable":true,"href":"https:\/\/ktechproduccion.net\/diariosalud.com\/wp-json\/wp\/v2\/categories?post=33344"},{"taxonomy":"post_tag","embeddable":true,"href":"https:\/\/ktechproduccion.net\/diariosalud.com\/wp-json\/wp\/v2\/tags?post=33344"}],"curies":[{"name":"wp","href":"https:\/\/api.w.org\/{rel}","templated":true}]}}