{"id":33340,"date":"2022-07-26T11:58:45","date_gmt":"2022-07-26T15:58:45","guid":{"rendered":"https:\/\/diariosalud.com\/uncategorized\/viruela-del-mono-actualizacion-en-paises-luego-de-ser-declarada-emergencia-internacional\/"},"modified":"2022-07-26T11:58:45","modified_gmt":"2022-07-26T15:58:45","slug":"viruela-del-mono-actualizacion-en-paises-luego-de-ser-declarada-emergencia-internacional","status":"publish","type":"post","link":"https:\/\/ktechproduccion.net\/diariosalud.com\/viruela-del-mono-actualizacion-en-paises-luego-de-ser-declarada-emergencia-internacional\/","title":{"rendered":"Viruela del mono: actualizaci\u00f3n en pa\u00edses luego de ser declarada emergencia internacional"},"content":{"rendered":"\n<p>Espa\u00f1a, con 3.151 casos confirmados, es el pa\u00eds del mundo con m\u00e1s casos de viruela del mono, seg\u00fan las estad\u00edsticas que ha comenzado a actualizar diariamente la Organizaci\u00f3n Mundial de la Salud (OMS), despu\u00e9s de declarar la emergencia internacional por esta enfermedad el pasado 23 de julio.<\/p>\n\n\n\n<p>Le siguen Estados Unidos con 2.582 casos, Alemania (2.352), Reino Unido (2.208), Francia (1.567) y Pa\u00edses Bajos (712), de acuerdo con la tabla de la OMS, que cifra el total de contagios confirmados en el planeta en 16.761, cinco veces m\u00e1s que hace apenas un mes.<\/p>\n\n\n\n<p>\u201cLa evaluaci\u00f3n de la OMS es que el riesgo de <a href=\"https:\/\/ktechproduccion.net\/diariosalud.com\/viruela-del-mono-puede-generar-consecuencias-para-la-salud-ocular\/\">viruela s\u00edmica<\/a> es moderado a nivel mundial y en todas las regiones, excepto en la regi\u00f3n europea, donde evaluamos el riesgo como alto\u201d, expres\u00f3 el doctor y director de la OMS, Tedros Adhanom Ghebreyesus durante la <a href=\"https:\/\/www.who.int\/director-general\/speeches\/detail\/who-director-general-s-statement-on-the-press-conference-following-IHR-emergency-committee-regarding-the-multi--country-outbreak-of-monkeypox--23-july-2022\">conferencia<\/a> de declaraci\u00f3n de emergencia internacional.  <\/p>\n\n\n\n<p>Agreg\u00f3 que \u201ctambi\u00e9n existe un claro riesgo de mayor propagaci\u00f3n internacional, aunque el riesgo de interferencia con el tr\u00e1fico internacional sigue siendo bajo por el momento\u201d.<\/p>\n\n\n\n<p><strong>Actualizaci\u00f3n de pa\u00edses latinoamericanos<\/strong><\/p>\n\n\n\n<p>Brasil es uno de los pa\u00edses m\u00e1s afectado de Latinoam\u00e9rica, el cual report\u00f3 592 personas que fueron diagnosticadas con la enfermedad. En la regi\u00f3n, sobresale el registro de <a href=\"https:\/\/ktechproduccion.net\/diariosalud.com\/peru-el-pais-de-latinoamerica-con-la-mayor-tasa-de-contagio-con-la-viruela-del-mono\/\">Per\u00fa<\/a>, con 143 positivos del virus, sin embargo el resto de los pa\u00edses no llegan a las dos decenas de casos. Esa es la situaci\u00f3n de la Argentina, donde hay 18 casos reportados.<\/p>\n\n\n\n<p>Agencia EFE <\/p>\n","protected":false},"excerpt":{"rendered":"<p>Espa\u00f1a, con 3.151 casos confirmados, es el pa\u00eds del mundo con m\u00e1s casos de viruela del mono, seg\u00fan las estad\u00edsticas que ha comenzado a actualizar diariamente la Organizaci\u00f3n Mundial de la Salud (OMS), despu\u00e9s de declarar la emergencia internacional por esta enfermedad el pasado 23 de julio. Le siguen Estados Unidos con 2.582 casos, Alemania [&hellip;]<\/p>\n","protected":false},"author":18,"featured_media":25190,"comment_status":"closed","ping_status":"closed","sticky":false,"template":"","format":"standard","meta":{"_acf_changed":false,"footnotes":""},"categories":[551],"tags":[1648,1794,1566,352],"class_list":["post-33340","post","type-post","status-publish","format-standard","has-post-thumbnail","hentry","category-noticias","tag-actualizacion-de-casos","tag-emergencia-internacional","tag-monkeypox","tag-oms"],"acf":[],"_links":{"self":[{"href":"https:\/\/ktechproduccion.net\/diariosalud.com\/wp-json\/wp\/v2\/posts\/33340","targetHints":{"allow":["GET"]}}],"collection":[{"href":"https:\/\/ktechproduccion.net\/diariosalud.com\/wp-json\/wp\/v2\/posts"}],"about":[{"href":"https:\/\/ktechproduccion.net\/diariosalud.com\/wp-json\/wp\/v2\/types\/post"}],"author":[{"embeddable":true,"href":"https:\/\/ktechproduccion.net\/diariosalud.com\/wp-json\/wp\/v2\/users\/18"}],"replies":[{"embeddable":true,"href":"https:\/\/ktechproduccion.net\/diariosalud.com\/wp-json\/wp\/v2\/comments?post=33340"}],"version-history":[{"count":0,"href":"https:\/\/ktechproduccion.net\/diariosalud.com\/wp-json\/wp\/v2\/posts\/33340\/revisions"}],"wp:featuredmedia":[{"embeddable":true,"href":"https:\/\/ktechproduccion.net\/diariosalud.com\/wp-json\/wp\/v2\/media\/25190"}],"wp:attachment":[{"href":"https:\/\/ktechproduccion.net\/diariosalud.com\/wp-json\/wp\/v2\/media?parent=33340"}],"wp:term":[{"taxonomy":"category","embeddable":true,"href":"https:\/\/ktechproduccion.net\/diariosalud.com\/wp-json\/wp\/v2\/categories?post=33340"},{"taxonomy":"post_tag","embeddable":true,"href":"https:\/\/ktechproduccion.net\/diariosalud.com\/wp-json\/wp\/v2\/tags?post=33340"}],"curies":[{"name":"wp","href":"https:\/\/api.w.org\/{rel}","templated":true}]}}