{"id":33338,"date":"2022-07-27T02:54:45","date_gmt":"2022-07-27T06:54:45","guid":{"rendered":"https:\/\/diariosalud.com\/uncategorized\/8-de-cada-10-casos-cancer-de-cabeza-en-centroamerica-pueden-tratarse-por-deteccion-oportuna\/"},"modified":"2022-07-27T02:54:45","modified_gmt":"2022-07-27T06:54:45","slug":"8-de-cada-10-casos-cancer-de-cabeza-en-centroamerica-pueden-tratarse-por-deteccion-oportuna","status":"publish","type":"post","link":"https:\/\/ktechproduccion.net\/diariosalud.com\/8-de-cada-10-casos-cancer-de-cabeza-en-centroamerica-pueden-tratarse-por-deteccion-oportuna\/","title":{"rendered":"8 de cada 10 casos c\u00e1ncer de cabeza en Centroam\u00e9rica pueden tratarse por detecci\u00f3n oportuna"},"content":{"rendered":"\n<p><em>En Centroam\u00e9rica, el c\u00e1ncer de labio o de cavidad oral es el tipo de c\u00e1ncer m\u00e1s com\u00fan de entre los que se desarrollan en la cabeza y cuello.<\/em><\/p>\n\n\n\n<p>La incidencia del c\u00e1ncer de cabeza y cuello ha ido en aumento en los \u00faltimos a\u00f1os entre la poblaci\u00f3n centroamericana, llegando a ocupar el puesto n\u00famero 22 en el ranking de los principales tipos de c\u00e1ncer en la regi\u00f3n, de acuerdo con estad\u00edsticas presentadas por el <strong>Observatorio Global de C\u00e1ncer (GLOBOCAN).<\/strong><\/p>\n\n\n\n<p>El aumento de este tipo de tumores ha sido tal que, tan s\u00f3lo en 2021, se diagnosticaron m\u00e1s de 2 mil casos de c\u00e1ncer de cavidad oral o labio.<\/p>\n\n\n\n<p>\u201cEl consumo excesivo de alcohol y tabaco, que en la mayor\u00eda de los casos propicia una mala higiene bucal, es uno de los principales factores de riesgo para desarrollar c\u00e1ncer de cabeza y cuello; sin embargo, en la actualidad, entre el 30 y 75 por ciento de los casos se presentan como consecuencia de pr\u00e1cticas sexuales sin protecci\u00f3n, tales como la infecci\u00f3n provocada por el Virus del Papiloma Humano (VPH)\u201d explic\u00f3 el onc\u00f3logo,<strong> Rafael L\u00f3pez<\/strong>.<\/p>\n\n\n\n<p class=\"has-text-align-center\" style=\"font-size:28px\"><em>\u201cLos c\u00e1nceres de Cabeza y Cuello se producen en ciertos \u00f3rganos que comprenden esta regi\u00f3n corporal superior y se estima que m\u00e1s del 90% de los tumores comienzan en c\u00e9lulas planas como las que recubren la boca, nariz y garganta1, haciendo que la enfermedad se manifieste en la zona de la lengua, paladar, am\u00edgdalas o anginas y laringe, principalmente\u201d explic\u00f3 Rafael L\u00f3pez, m\u00e9dico especialista en Oncolog\u00eda.<\/em><\/p>\n\n\n\n<p>A pesar de que los s\u00edntomas pueden identificarse f\u00e1cilmente, el desconocimiento de la enfermedad entre la poblaci\u00f3n provoca falta de atenci\u00f3n a se\u00f1ales claras que pueden ser: \u00falceras en la lengua, zonas de sangrado o manchas rojas y\/o blancas en las enc\u00edas, persistente dolor de garganta, dificultad para pasar los alimentos, ronquera y nariz congestionada, entre otros.<\/p>\n\n\n\n<p>\u201cLos pacientes a menudo ignoran los primeros s\u00edntomas, los cu\u00e1les pueden confundirse f\u00e1cilmente con otros padecimientos o causas derivadas de malos h\u00e1bitos en el estilo de vida, por lo que no suelen acudir al m\u00e9dico, lo que dificulta el diagn\u00f3stico oportuno e incrementa la posibilidad de sufrir afectaciones en funciones esenciales para cualquier persona como comer, hablar e incluso respirar\u201d, destac\u00f3 el onc\u00f3logo.<\/p>\n\n\n\n<p>Dice que es fundamental identificar anomal\u00edas en la garganta, lengua, paladar o enc\u00edas ya que es un primer paso para cuestionarse sobre la posibilidad de padecer esta afecci\u00f3n y acudir con un especialista que haga una revisi\u00f3n exhaustiva con la cual descarte o detecte la formaci\u00f3n de tumores o desarrollo de c\u00e9lulas cancer\u00edgenas<\/p>\n\n\n\n<p>El especialista comparti\u00f3 que, cuando se tiene un diagn\u00f3stico temprano, 8 de cada 10 casos pueden tratarse y ampliar significativamente el tiempo de supervivencia.<\/p>\n\n\n\n<p><strong>Terapias disponibles <\/strong><\/p>\n\n\n\n<p>No obstante, el tratamiento depende del estadio y la localizaci\u00f3n de la enfermedad, as\u00ed como de la salud general del paciente, por lo cual, a partir del diagn\u00f3stico, se considerar\u00e1 cirug\u00eda, radioterapia, quimioterapia o terapia con anticuerpos monoclonales cuya funci\u00f3n es eliminar directamente a las c\u00e9lulas cancer\u00edgenas y al mismo tiempo, potenciar la respuesta inmunol\u00f3gica para seguir combatiendo el c\u00e1ncer. <\/p>\n\n\n\n<p>Dicha terapia puede administrarse sola como monoterapia o de forma combinada con otros tratamientos oncol\u00f3gicos, mejorando exponencialmente la sobrevida del paciente, agreg\u00f3 el especialista en oncolog\u00eda Rafael L\u00f3pez.<\/p>\n\n\n\n<p>Para finalizar, la especialista coment\u00f3 que <strong>Merck<\/strong>, compa\u00f1\u00eda l\u00edder en ciencia y tecnolog\u00eda, mantiene el compromiso con los pacientes para descubrir, desarrollar e innovar medicamentos contra el c\u00e1ncer que permitan prolongar la calidad de vida de los pacientes.<\/p>\n","protected":false},"excerpt":{"rendered":"<p>En Centroam\u00e9rica, el c\u00e1ncer de labio o de cavidad oral es el tipo de c\u00e1ncer m\u00e1s com\u00fan de entre los que se desarrollan en la cabeza y cuello. La incidencia del c\u00e1ncer de cabeza y cuello ha ido en aumento en los \u00faltimos a\u00f1os entre la poblaci\u00f3n centroamericana, llegando a ocupar el puesto n\u00famero 22 [&hellip;]<\/p>\n","protected":false},"author":18,"featured_media":25468,"comment_status":"closed","ping_status":"closed","sticky":false,"template":"","format":"standard","meta":{"_acf_changed":false,"footnotes":""},"categories":[551],"tags":[448,1790,218],"class_list":["post-33338","post","type-post","status-publish","format-standard","has-post-thumbnail","hentry","category-noticias","tag-cancer","tag-centroamerica","tag-oncologia"],"acf":[],"_links":{"self":[{"href":"https:\/\/ktechproduccion.net\/diariosalud.com\/wp-json\/wp\/v2\/posts\/33338","targetHints":{"allow":["GET"]}}],"collection":[{"href":"https:\/\/ktechproduccion.net\/diariosalud.com\/wp-json\/wp\/v2\/posts"}],"about":[{"href":"https:\/\/ktechproduccion.net\/diariosalud.com\/wp-json\/wp\/v2\/types\/post"}],"author":[{"embeddable":true,"href":"https:\/\/ktechproduccion.net\/diariosalud.com\/wp-json\/wp\/v2\/users\/18"}],"replies":[{"embeddable":true,"href":"https:\/\/ktechproduccion.net\/diariosalud.com\/wp-json\/wp\/v2\/comments?post=33338"}],"version-history":[{"count":0,"href":"https:\/\/ktechproduccion.net\/diariosalud.com\/wp-json\/wp\/v2\/posts\/33338\/revisions"}],"wp:featuredmedia":[{"embeddable":true,"href":"https:\/\/ktechproduccion.net\/diariosalud.com\/wp-json\/wp\/v2\/media\/25468"}],"wp:attachment":[{"href":"https:\/\/ktechproduccion.net\/diariosalud.com\/wp-json\/wp\/v2\/media?parent=33338"}],"wp:term":[{"taxonomy":"category","embeddable":true,"href":"https:\/\/ktechproduccion.net\/diariosalud.com\/wp-json\/wp\/v2\/categories?post=33338"},{"taxonomy":"post_tag","embeddable":true,"href":"https:\/\/ktechproduccion.net\/diariosalud.com\/wp-json\/wp\/v2\/tags?post=33338"}],"curies":[{"name":"wp","href":"https:\/\/api.w.org\/{rel}","templated":true}]}}