{"id":33328,"date":"2022-07-22T14:55:11","date_gmt":"2022-07-22T18:55:11","guid":{"rendered":"https:\/\/diariosalud.com\/uncategorized\/cuidar-el-cerebro-es-fundamental-para-recobrar-las-funciones-perdidas-tras-el-coronavirus\/"},"modified":"2022-07-22T14:55:11","modified_gmt":"2022-07-22T18:55:11","slug":"cuidar-el-cerebro-es-fundamental-para-recobrar-las-funciones-perdidas-tras-el-coronavirus","status":"publish","type":"post","link":"https:\/\/ktechproduccion.net\/diariosalud.com\/cuidar-el-cerebro-es-fundamental-para-recobrar-las-funciones-perdidas-tras-el-coronavirus\/","title":{"rendered":"Cuidar el cerebro es fundamental para recobrar las funciones perdidas tras el coronavirus"},"content":{"rendered":"\n<p><em>Un 13% de las causas de enfermedades entre la poblaci\u00f3n mundial son neurol\u00f3gicas, por ello, expertos del Centro de Neurolog\u00eda Avanzada (CNA), con motivo del D\u00eda Mundial del Cerebro, inciden en la importancia de ejercitarlo para evitar su degeneraci\u00f3n y recuperar sus funciones.<\/em><\/p>\n\n\n\n<p>El Centro de Neurolog\u00eda Avanzada (CNA), como cada 22 de julio con motivo del D\u00eda Mundial del Cerebro, se ha sumado a la iniciativa de la Federaci\u00f3n Mundial de Neurolog\u00eda (WFN) para concienciar a la poblaci\u00f3n sobre la necesidad de ejercitar este \u00f3rgano vital para evitar su degeneraci\u00f3n y recuperar parte de las funciones perdidas por una patolog\u00eda neurol\u00f3gica u otras causas entre las que se incluye el Covid.<\/p>\n\n\n\n<p>La iniciativa persigue informar a la sociedad sobre las enfermedades cerebrales, de c\u00f3mo prevenirlas y m\u00e1s despu\u00e9s de que las afecciones neurol\u00f3gicas se hayan disparado por causa de las infecciones por coronavirus, puntualiz\u00f3 el neur\u00f3logo del CNA, Juan Mar\u00eda S\u00e1nchez Caro.<\/p>\n\n\n\n<p>El experto destaca la importancia de cuidar y ejercitar nuestra materia gris, como m\u00e9todo preventivo para evitar patolog\u00edas como el Parkinson, Alzh\u00e9imer o demencias en general, ya que un 13% de las causas de enfermedades entre la poblaci\u00f3n mundial est\u00e1n relacionadas con el <a href=\"https:\/\/ktechproduccion.net\/diariosalud.com\/un-nuevo-hallazgo-que-rejuvenece-el-cerebro-y-la-memoria\/\">cerebro<\/a>.<\/p>\n\n\n\n<figure class=\"wp-block-image size-large\"><img decoding=\"async\" src=\"https:\/\/ktechproduccion.net\/diariosalud.com\/wp-content\/uploads\/2022\/07\/Curso-10-2.jpg\" alt=\"\" class=\"wp-image-53153\"\/><figcaption><strong><em>El neur\u00f3logo, atendiendo a la m\u00e1xima \u2018mente sana cuerpo sano\u2019, recomienda siempre hacer ejercicio, ya que el deporte no solo es bueno para el cuerpo sino tambi\u00e9n, \u201cy mucho\u201d, para la salud mental. Lo importante seg\u00fan S\u00e1nchez Caro es que estas pr\u00e1cticas sean \u201caer\u00f3bicas y continuas\u201d, es decir que se realicen con asiduidad siguiendo una disciplina.<\/em><\/strong><\/figcaption><\/figure>\n\n\n\n<p><\/p>\n\n\n\n<p><strong>Consejos para mejorar nuestro cerebro <\/strong><\/p>\n\n\n\n<p>Seg\u00fan explic\u00f3 el experto, uno de los principales enemigos del ser humano es el estr\u00e9s, tanto f\u00edsica como mental. \u00abPor ello hay que eliminarlo de nuestras rutinas. Llevar una vida tranquila y fuera de tensiones que puedan afectar a la zona del hipocampo y otras zonas sensibles que pueda repercutir en p\u00e9rdida de memoria\u00bb, afirma el doctor S\u00e1nchez Caro. <\/p>\n\n\n\n<p>Dentro de las pautas diarias para mejorar nuestro cerebro y tambi\u00e9n como m\u00e9todo preventivo destaca incluir una dieta alimenticia equilibrada y sana con productos ricos en vitaminas y en \u00e1cidos grasos como el Omega 3, fundamentales para mantener la actividad cerebral a tono.<\/p>\n\n\n\n<p>\u00abEjercitar la mente jugando a las cartas, realizando jerogl\u00edficos, sudokus, sopa de letras y otros juegos de mesas, son actividades que siempre recomendamos siempre desde el CNA como m\u00e9todos preventivos y de mejora en la actividad mental\u00bb.<\/p>\n\n\n\n<p><strong>Tratamientos m\u00e9dicos <\/strong><\/p>\n\n\n\n<p>Entre ellos, el doctor S\u00e1nchez Caro ha destacado la eficacia de la aplicaci\u00f3n de la estimulaci\u00f3n magn\u00e9tica transcraneal (EMT) para el tratamiento de diversas patolog\u00edas neurol\u00f3gicas y psiqui\u00e1tricas.<\/p>\n\n\n\n<p>Seg\u00fan determina, una vez que el paciente entra en el protocolo de la Estimulaci\u00f3n Magn\u00e9tica Transcraneal, se garantiza que ser\u00e1 evaluado y atendido en diversas ocasiones durante todo el proceso por diferentes profesionales que realizan el seguimiento coordinado del caso.<\/p>\n\n\n\n<p>Para llevar a cabo este trabajo es imprescindible una primera evaluaci\u00f3n diagn\u00f3stica de calidad, ya que \u201chemos podido comprobar en multitud de ocasiones que el diagn\u00f3stico y tratamiento precoz disminuye las complicaciones a medio y largo plazo y mejora el pron\u00f3stico, y para ello es imprescindible contar con un equipo experimentado como el nuestro\u201d, detalla. <\/p>\n\n\n\n<p>El <a href=\"https:\/\/cnaneurologia.com\">Centro de Neurolog\u00eda Avanzada (CNA)<\/a> se ha convertido en un referente en toda Andaluc\u00eda y diversos puntos de Espa\u00f1s, debido a los \u00f3ptimos resultados en el diagn\u00f3stico y tratamiento de las enfermedades neurol\u00f3gicas, evidenciando el trabajo de un equipo multidisciplinar de m\u00e1s de 40 especialistas.<\/p>\n","protected":false},"excerpt":{"rendered":"<p>Un 13% de las causas de enfermedades entre la poblaci\u00f3n mundial son neurol\u00f3gicas, por ello, expertos del Centro de Neurolog\u00eda Avanzada (CNA), con motivo del D\u00eda Mundial del Cerebro, inciden en la importancia de ejercitarlo para evitar su degeneraci\u00f3n y recuperar sus funciones. El Centro de Neurolog\u00eda Avanzada (CNA), como cada 22 de julio con [&hellip;]<\/p>\n","protected":false},"author":18,"featured_media":25448,"comment_status":"closed","ping_status":"closed","sticky":false,"template":"","format":"standard","meta":{"_acf_changed":false,"footnotes":""},"categories":[551],"tags":[1775,1776,1777,118],"class_list":["post-33328","post","type-post","status-publish","format-standard","has-post-thumbnail","hentry","category-noticias","tag-centro-de-neurologia-avanzada-cna","tag-cuidados-del-cerebro","tag-dia-mundial-del-cerebro","tag-neurologia"],"acf":[],"_links":{"self":[{"href":"https:\/\/ktechproduccion.net\/diariosalud.com\/wp-json\/wp\/v2\/posts\/33328","targetHints":{"allow":["GET"]}}],"collection":[{"href":"https:\/\/ktechproduccion.net\/diariosalud.com\/wp-json\/wp\/v2\/posts"}],"about":[{"href":"https:\/\/ktechproduccion.net\/diariosalud.com\/wp-json\/wp\/v2\/types\/post"}],"author":[{"embeddable":true,"href":"https:\/\/ktechproduccion.net\/diariosalud.com\/wp-json\/wp\/v2\/users\/18"}],"replies":[{"embeddable":true,"href":"https:\/\/ktechproduccion.net\/diariosalud.com\/wp-json\/wp\/v2\/comments?post=33328"}],"version-history":[{"count":0,"href":"https:\/\/ktechproduccion.net\/diariosalud.com\/wp-json\/wp\/v2\/posts\/33328\/revisions"}],"wp:featuredmedia":[{"embeddable":true,"href":"https:\/\/ktechproduccion.net\/diariosalud.com\/wp-json\/wp\/v2\/media\/25448"}],"wp:attachment":[{"href":"https:\/\/ktechproduccion.net\/diariosalud.com\/wp-json\/wp\/v2\/media?parent=33328"}],"wp:term":[{"taxonomy":"category","embeddable":true,"href":"https:\/\/ktechproduccion.net\/diariosalud.com\/wp-json\/wp\/v2\/categories?post=33328"},{"taxonomy":"post_tag","embeddable":true,"href":"https:\/\/ktechproduccion.net\/diariosalud.com\/wp-json\/wp\/v2\/tags?post=33328"}],"curies":[{"name":"wp","href":"https:\/\/api.w.org\/{rel}","templated":true}]}}