{"id":33321,"date":"2022-07-20T13:47:13","date_gmt":"2022-07-20T17:47:13","guid":{"rendered":"https:\/\/diariosalud.com\/uncategorized\/peru-el-pais-de-latinoamerica-con-la-mayor-tasa-de-contagio-con-la-viruela-del-mono\/"},"modified":"2022-07-20T13:47:13","modified_gmt":"2022-07-20T17:47:13","slug":"peru-el-pais-de-latinoamerica-con-la-mayor-tasa-de-contagio-con-la-viruela-del-mono","status":"publish","type":"post","link":"https:\/\/ktechproduccion.net\/diariosalud.com\/peru-el-pais-de-latinoamerica-con-la-mayor-tasa-de-contagio-con-la-viruela-del-mono\/","title":{"rendered":"Per\u00fa se convierte en el segundo pa\u00eds de Latinoam\u00e9rica con la mayor tasa de contagio por viruela del mono"},"content":{"rendered":"\n<p><em>El Ministerio de Salud de Per\u00fa inform\u00f3 que hasta el momento se ha detectado 95 casos de esta enfermedad, ubic\u00e1ndose como el segundo pa\u00eds con m\u00e1s casos en Sudam\u00e9rica y en el puesto 14 a nivel mundial.<\/em><\/p>\n\n\n\n<p>Los casos de la viruela del mono en Per\u00fa contin\u00faan en aumento. El Ministerio de Salud (Minsa) inform\u00f3 que se ha detectado tres nuevos casos de esta enfermedad, por lo que el acumulado se elev\u00f3 a 95.<\/p>\n\n\n\n<p>Per\u00fa se ubica en el 14vo lugar en la tabla de pa\u00edses con casos confirmados de viruela del mono en todo el mundo y es el segundo de Sudam\u00e9rica. <\/p>\n\n\n\n<p>Adem\u00e1s registra una tasa de 2.84 de contagio por mill\u00f3n de habitantes, cifra mayor a la de Brasil que tiene una tasa de 1.46 por mill\u00f3n de habitantes, seg\u00fan la tabla de actualizaci\u00f3n de la OMS. <\/p>\n\n\n\n<p>Seg\u00fan un reporte del Minsa, los casos confirmados se encuentran en 8 regiones del pa\u00eds, siendo Lima Metropolitana la que registra el mayor n\u00famero de casos con 84. <\/p>\n\n\n\n<p>La entidad de salud inform\u00f3 que los pacientes est\u00e1n recibiendo atenci\u00f3n m\u00e9dica y vienen siendo monitoreados, adem\u00e1s las brigadas contin\u00faan trabajando en la identificaci\u00f3n de los contactos.<\/p>\n\n\n\n<p><strong>Viruela del mono y su paso por Latinoam\u00e9rica<\/strong><\/p>\n\n\n\n<p><strong>Brasil&nbsp;<\/strong>es el pa\u00eds que m\u00e1s casos confirmados de esta enfermedad tiene con un total de 351. Le sigue&nbsp;<strong>Per\u00fa&nbsp;<\/strong>con 95 casos,&nbsp;<strong>M\u00e9xico&nbsp;<\/strong>con 40 casos positivos y&nbsp;<strong>Chile<\/strong>&nbsp;con 20.<\/p>\n\n\n\n<p><strong>Argentina<\/strong>&nbsp;ha reportado 13 casos,&nbsp;<strong>Puerto Rico<\/strong>&nbsp;8, y le sigue&nbsp;<strong>Colombia<\/strong>&nbsp;con 7 casos. En&nbsp;<strong>Ecuador, Panam\u00e1 y Venezuela<\/strong>&nbsp;solo se ha confirmado la presencia de un caso de la viruela s\u00edmica.<\/p>\n\n\n\n<p>A la fecha se ha reportado 13 mil 729 casos de la viruela del mono en el mundo.<\/p>\n\n\n\n<p><strong>Espa\u00f1a<\/strong>&nbsp;es el pa\u00eds que ha reportado m\u00e1s casos con 3 mil 182.<\/p>\n","protected":false},"excerpt":{"rendered":"<p>El Ministerio de Salud de Per\u00fa inform\u00f3 que hasta el momento se ha detectado 95 casos de esta enfermedad, ubic\u00e1ndose como el segundo pa\u00eds con m\u00e1s casos en Sudam\u00e9rica y en el puesto 14 a nivel mundial. Los casos de la viruela del mono en Per\u00fa contin\u00faan en aumento. El Ministerio de Salud (Minsa) inform\u00f3 [&hellip;]<\/p>\n","protected":false},"author":18,"featured_media":25430,"comment_status":"closed","ping_status":"closed","sticky":false,"template":"","format":"standard","meta":{"_acf_changed":false,"footnotes":""},"categories":[551],"tags":[1766,1685,1553],"class_list":["post-33321","post","type-post","status-publish","format-standard","has-post-thumbnail","hentry","category-noticias","tag-casos-confirmados","tag-salud-latinoamericana","tag-viruela-del-mono"],"acf":[],"_links":{"self":[{"href":"https:\/\/ktechproduccion.net\/diariosalud.com\/wp-json\/wp\/v2\/posts\/33321","targetHints":{"allow":["GET"]}}],"collection":[{"href":"https:\/\/ktechproduccion.net\/diariosalud.com\/wp-json\/wp\/v2\/posts"}],"about":[{"href":"https:\/\/ktechproduccion.net\/diariosalud.com\/wp-json\/wp\/v2\/types\/post"}],"author":[{"embeddable":true,"href":"https:\/\/ktechproduccion.net\/diariosalud.com\/wp-json\/wp\/v2\/users\/18"}],"replies":[{"embeddable":true,"href":"https:\/\/ktechproduccion.net\/diariosalud.com\/wp-json\/wp\/v2\/comments?post=33321"}],"version-history":[{"count":0,"href":"https:\/\/ktechproduccion.net\/diariosalud.com\/wp-json\/wp\/v2\/posts\/33321\/revisions"}],"wp:featuredmedia":[{"embeddable":true,"href":"https:\/\/ktechproduccion.net\/diariosalud.com\/wp-json\/wp\/v2\/media\/25430"}],"wp:attachment":[{"href":"https:\/\/ktechproduccion.net\/diariosalud.com\/wp-json\/wp\/v2\/media?parent=33321"}],"wp:term":[{"taxonomy":"category","embeddable":true,"href":"https:\/\/ktechproduccion.net\/diariosalud.com\/wp-json\/wp\/v2\/categories?post=33321"},{"taxonomy":"post_tag","embeddable":true,"href":"https:\/\/ktechproduccion.net\/diariosalud.com\/wp-json\/wp\/v2\/tags?post=33321"}],"curies":[{"name":"wp","href":"https:\/\/api.w.org\/{rel}","templated":true}]}}