{"id":33312,"date":"2022-07-18T14:24:39","date_gmt":"2022-07-18T18:24:39","guid":{"rendered":"https:\/\/diariosalud.com\/uncategorized\/ghana-reporta-primer-brote-del-virus-marburgo\/"},"modified":"2022-07-18T14:24:39","modified_gmt":"2022-07-18T18:24:39","slug":"ghana-reporta-primer-brote-del-virus-marburgo","status":"publish","type":"post","link":"https:\/\/ktechproduccion.net\/diariosalud.com\/ghana-reporta-primer-brote-del-virus-marburgo\/","title":{"rendered":"Ghana reporta primer brote del virus Marburgo"},"content":{"rendered":"\n<p>Ghana, pa\u00eds del golfo de Guinea en \u00c1frica Occidental, anunci\u00f3 hoy el primer brote de la enfermedad del virus de Marburg en el pa\u00eds, despu\u00e9s de que un laboratorio del Centro Colaborador de la Organizaci\u00f3n Mundial de la Salud (OMS) confirmara resultados anteriores.<\/p>\n\n\n\n<p>La OMS inform\u00f3 que el Instituto Pasteur en Dakar, Senegal, recibi\u00f3 muestras de cada uno de los dos pacientes de la regi\u00f3n sur de Ashanti en Ghana, ambos fallecidos y sin parentesco, que mostraban s\u00edntomas que inclu\u00edan diarrea, fiebre, n\u00e1useas y v\u00f3mitos.<\/p>\n\n\n\n<p>As\u00ed, el laboratorio corrobor\u00f3 los resultados del Instituto Conmemorativo Noguchi, para la Investigaci\u00f3n M\u00e9dica, que suger\u00eda que su enfermedad se deb\u00eda al virus Marburg.<\/p>\n\n\n\n<p>La OMS est\u00e1 sobre el terreno apoyando a las autoridades sanitarias y \u00abahora que se ha declarado el brote, estamos reuniendo m\u00e1s recursos para la respuesta\u201d, dijo la Dra. Matshidiso Moeti, directora regional de la OMS para \u00c1frica.<\/p>\n\n\n\n<p><strong>Sobre el virus <\/strong><\/p>\n\n\n\n<p>La Oms dice que el Marburg se transmite a las personas a trav\u00e9s de los murci\u00e9lagos de la fruta y se propaga entre los humanos a trav\u00e9s del contacto directo con los fluidos corporales de personas, superficies y materiales infectados. <\/p>\n\n\n\n<p>La enfermedad comienza abruptamente, con fiebre alta, dolor de cabeza intenso y malestar general.<\/p>\n\n\n\n<p>Muchos pacientes desarrollan signos hemorr\u00e1gicos severos dentro de los siete d\u00edas. Las tasas de letalidad han variado del 24 % al 88 % en brotes anteriores, seg\u00fan la cepa del virus y la calidad del manejo de casos.<\/p>\n\n\n\n<p>Muchos pacientes desarrollan signos hemorr\u00e1gicos severos dentro de los siete d\u00edas. Las tasas de letalidad han variado del 24 % al 88 % en brotes anteriores, seg\u00fan la cepa del virus y la calidad del manejo de casos.<\/p>\n","protected":false},"excerpt":{"rendered":"<p>Ghana, pa\u00eds del golfo de Guinea en \u00c1frica Occidental, anunci\u00f3 hoy el primer brote de la enfermedad del virus de Marburg en el pa\u00eds, despu\u00e9s de que un laboratorio del Centro Colaborador de la Organizaci\u00f3n Mundial de la Salud (OMS) confirmara resultados anteriores. La OMS inform\u00f3 que el Instituto Pasteur en Dakar, Senegal, recibi\u00f3 muestras [&hellip;]<\/p>\n","protected":false},"author":18,"featured_media":25412,"comment_status":"closed","ping_status":"closed","sticky":false,"template":"","format":"standard","meta":{"_acf_changed":false,"footnotes":""},"categories":[551],"tags":[1753,106,1754],"class_list":["post-33312","post","type-post","status-publish","format-standard","has-post-thumbnail","hentry","category-noticias","tag-brotes","tag-infectologia","tag-marburgo"],"acf":[],"_links":{"self":[{"href":"https:\/\/ktechproduccion.net\/diariosalud.com\/wp-json\/wp\/v2\/posts\/33312","targetHints":{"allow":["GET"]}}],"collection":[{"href":"https:\/\/ktechproduccion.net\/diariosalud.com\/wp-json\/wp\/v2\/posts"}],"about":[{"href":"https:\/\/ktechproduccion.net\/diariosalud.com\/wp-json\/wp\/v2\/types\/post"}],"author":[{"embeddable":true,"href":"https:\/\/ktechproduccion.net\/diariosalud.com\/wp-json\/wp\/v2\/users\/18"}],"replies":[{"embeddable":true,"href":"https:\/\/ktechproduccion.net\/diariosalud.com\/wp-json\/wp\/v2\/comments?post=33312"}],"version-history":[{"count":0,"href":"https:\/\/ktechproduccion.net\/diariosalud.com\/wp-json\/wp\/v2\/posts\/33312\/revisions"}],"wp:featuredmedia":[{"embeddable":true,"href":"https:\/\/ktechproduccion.net\/diariosalud.com\/wp-json\/wp\/v2\/media\/25412"}],"wp:attachment":[{"href":"https:\/\/ktechproduccion.net\/diariosalud.com\/wp-json\/wp\/v2\/media?parent=33312"}],"wp:term":[{"taxonomy":"category","embeddable":true,"href":"https:\/\/ktechproduccion.net\/diariosalud.com\/wp-json\/wp\/v2\/categories?post=33312"},{"taxonomy":"post_tag","embeddable":true,"href":"https:\/\/ktechproduccion.net\/diariosalud.com\/wp-json\/wp\/v2\/tags?post=33312"}],"curies":[{"name":"wp","href":"https:\/\/api.w.org\/{rel}","templated":true}]}}