{"id":33284,"date":"2022-07-07T21:44:45","date_gmt":"2022-07-08T01:44:45","guid":{"rendered":"https:\/\/diariosalud.com\/uncategorized\/sindrome-de-munchhausen-por-poderes-mas-alla-del-cuidado\/"},"modified":"2022-07-07T21:44:45","modified_gmt":"2022-07-08T01:44:45","slug":"sindrome-de-munchhausen-por-poderes-mas-alla-del-cuidado","status":"publish","type":"post","link":"https:\/\/ktechproduccion.net\/diariosalud.com\/sindrome-de-munchhausen-por-poderes-mas-alla-del-cuidado\/","title":{"rendered":"S\u00edndrome de M\u00fcnchhausen por poderes, m\u00e1s all\u00e1 del cuidado"},"content":{"rendered":"\n<p>Autora: Eliamer Alejandra Brito G\u00f3mez, m\u00e9dico interno (UASD); Estudiante Optometr\u00eda (UTESA)<\/p>\n\n\n\n<p>El S\u00edndrome de M\u00fcnchhausen por poderes (SMP) es un tipo de maltrato infantil en el cual el cuidador del infante, abusando del poder que tiene sobre este, inflige da\u00f1os f\u00edsicos y emocionales o induce una enfermedad creando o alterando la existencia de las manifestaciones cl\u00ednicas que el ni\u00f1o pueda tener, a modo de mantener el control sobre el menor. Es un s\u00edndrome poco conocido en las consultas y emergencias de pediatr\u00eda, por lo cual pasa desapercibido ante el reconocimiento del m\u00e9dico.<\/p>\n\n\n\n<p>No se tienen datos de que simult\u00e1neamente ambos padres participen en este tipo de maltrato, sin embargo, se asigna como autor m\u00e1s frecuente a la madre biol\u00f3gica en el 85% de los casos y por adopci\u00f3n en el 2%, el padre en un 5 %, otro adulto en un 1% e incierto en un 9 %. (1)<\/p>\n\n\n\n<p>A pesar de que las causas de este s\u00edndrome no est\u00e1n totalmente claras hasta el momento, existen factores de riesgos asociados al perpetrador que conllevan al desarrollo de este, como lo son carencias afectivas en la infancia, v\u00edctimas, abuso sexual, trastorno l\u00edmite de la personalidad, muerte de otro hijo y la teor\u00eda de la evasi\u00f3n en la cual el perpetrador tiene frecuentes pensamientos desagradables y negativos por lo cual para poder evadirlos crea o altera situaciones en cuanto a la salud del ni\u00f1o para no tener dichos pensamientos. (1,2)<\/p>\n\n\n\n<p>Seg\u00fan datos bibliogr\u00e1ficos los signos y s\u00edntomas son muy variadas, en el opresor estos van a depender de que tan imaginativo pueda ser este, mientras que en el oprimido va desde sangrado en varios sitios, convulsiones, depresi\u00f3n del sistema nervioso central, diarrea, v\u00f3mitos, fiebre hasta erupciones cut\u00e1neas. Otros hallazgos abarcan retraso en el crecimiento, lesiones no accidentales y administraci\u00f3n de medicamentos innecesarios o sobre dosificado para inducir ciertos signos como v\u00f3mito, apnea o hemorragias. (1)&nbsp;<\/p>\n\n\n\n<p>El reconocimiento del SMP suele requerir la colaboraci\u00f3n de todo el equipo que le ha brindado atenci\u00f3n m\u00e9dica al oprimido y su opresor. Se debe iniciar con la sospecha de que tan ciertas puede o no ser la historia de la enfermedad actual y que tan iatrog\u00e9nica son las manifestaciones cl\u00ednicas que presenta el ni\u00f1o. Partiendo de esto se debe de sospechar de aquellos ni\u00f1os que presenten m\u00faltiples visitas a urgencias y\/o ingresos hospitalarios, as\u00ed como varios estudios y enfermedades que no respondan al tratamiento de forma habitual. (1, 3)<\/p>\n\n\n\n<p>Es importante conocer los hallazgos de alarma del SPM con la finalidad de disminuir la morbimortalidad del infante. Destacar que m\u00e1s all\u00e1 de salvaguardar al oprimido, se debe de hacer un abordaje multidisciplinar en el cual se trate a la madre, al ni\u00f1o y el entorno de estos, a modo de velar por un lugar seguro para el adecuado desarrollo del infante y la rehabilitaci\u00f3n del opresor.<\/p>\n\n\n\n<ol class=\"wp-block-list\"><li>Gastaminza X, Vacas R, Rubio B, Herreros O, Dolores M. (2014).&nbsp; Paidopsiquiatr\u00eda psicosom\u00e1tica. La interconsulta y la psiquiatr\u00eda de enlace en Pediatr\u00eda (pp.356-266). Editorial Selene.<\/li><li>Garrido A. (2021). S\u00edndrome de Munchausen por poderes: Cuidados que matan. Psicopedia.org.<\/li><li>Gonz\u00e1lez N, Calder\u00f3n B, Espino L, Ingrosso A, Lorda A, Casas I. (2022). S\u00edndrome de Munchausen por poderes. Revista sanitaria de investigaci\u00f3n. 3(7).&nbsp;<\/li><\/ol>\n","protected":false},"excerpt":{"rendered":"<p>Autora: Eliamer Alejandra Brito G\u00f3mez, m\u00e9dico interno (UASD); Estudiante Optometr\u00eda (UTESA) El S\u00edndrome de M\u00fcnchhausen por poderes (SMP) es un tipo de maltrato infantil en el cual el cuidador del infante, abusando del poder que tiene sobre este, inflige da\u00f1os f\u00edsicos y emocionales o induce una enfermedad creando o alterando la existencia de las manifestaciones [&hellip;]<\/p>\n","protected":false},"author":18,"featured_media":25346,"comment_status":"closed","ping_status":"closed","sticky":false,"template":"","format":"standard","meta":{"_acf_changed":false,"footnotes":""},"categories":[610],"tags":[1710,1711,99,1712],"class_list":["post-33284","post","type-post","status-publish","format-standard","has-post-thumbnail","hentry","category-estudiantil","tag-cuidadores-infantiles","tag-maltrato-infantil","tag-psiquiatria","tag-sindrome-de-munchhausen"],"acf":[],"_links":{"self":[{"href":"https:\/\/ktechproduccion.net\/diariosalud.com\/wp-json\/wp\/v2\/posts\/33284","targetHints":{"allow":["GET"]}}],"collection":[{"href":"https:\/\/ktechproduccion.net\/diariosalud.com\/wp-json\/wp\/v2\/posts"}],"about":[{"href":"https:\/\/ktechproduccion.net\/diariosalud.com\/wp-json\/wp\/v2\/types\/post"}],"author":[{"embeddable":true,"href":"https:\/\/ktechproduccion.net\/diariosalud.com\/wp-json\/wp\/v2\/users\/18"}],"replies":[{"embeddable":true,"href":"https:\/\/ktechproduccion.net\/diariosalud.com\/wp-json\/wp\/v2\/comments?post=33284"}],"version-history":[{"count":0,"href":"https:\/\/ktechproduccion.net\/diariosalud.com\/wp-json\/wp\/v2\/posts\/33284\/revisions"}],"wp:featuredmedia":[{"embeddable":true,"href":"https:\/\/ktechproduccion.net\/diariosalud.com\/wp-json\/wp\/v2\/media\/25346"}],"wp:attachment":[{"href":"https:\/\/ktechproduccion.net\/diariosalud.com\/wp-json\/wp\/v2\/media?parent=33284"}],"wp:term":[{"taxonomy":"category","embeddable":true,"href":"https:\/\/ktechproduccion.net\/diariosalud.com\/wp-json\/wp\/v2\/categories?post=33284"},{"taxonomy":"post_tag","embeddable":true,"href":"https:\/\/ktechproduccion.net\/diariosalud.com\/wp-json\/wp\/v2\/tags?post=33284"}],"curies":[{"name":"wp","href":"https:\/\/api.w.org\/{rel}","templated":true}]}}